{"id":4836,"date":"2025-05-13T11:48:26","date_gmt":"2025-05-13T11:48:26","guid":{"rendered":"https:\/\/parkpravikov.cz\/?p=4836"},"modified":"2025-05-13T11:53:08","modified_gmt":"2025-05-13T11:53:08","slug":"promitani-dokumentu-za-hranici-pomsty","status":"publish","type":"post","link":"http:\/\/parkpravikov.cz\/es\/promitani-dokumentu-za-hranici-pomsty\/","title":{"rendered":"Prom\u00edt\u00e1n\u00ed dokumentu ZA HRANIC\u00cd POMSTY"},"content":{"rendered":"<p>16. kv\u011btna od 19:00<\/p>\n\n\n\n<figure class=\"wp-block-image size-large\"><img loading=\"lazy\" width=\"720\" height=\"405\" src=\"http:\/\/parkpravikov.cz\/wp-content\/uploads\/2025\/05\/articolo_pomsta.jpg\" alt=\"\" class=\"wp-image-4837\" srcset=\"http:\/\/parkpravikov.cz\/wp-content\/uploads\/2025\/05\/articolo_pomsta.jpg 720w, http:\/\/parkpravikov.cz\/wp-content\/uploads\/2025\/05\/articolo_pomsta-300x169.jpg 300w, http:\/\/parkpravikov.cz\/wp-content\/uploads\/2025\/05\/articolo_pomsta-18x10.jpg 18w\" sizes=\"(max-width: 720px) 100vw, 720px\" \/><\/figure>\n\n\n\n<p>Prom\u00edt\u00e1n\u00ed dokumentu, sd\u00edlen\u00ed na t\u00e9ma pomsta a usm\u00ed\u0159en\u00ed i kr\u00e1tk\u00e1 meditace \u201dzm\u011bna \u00fahlu pohledu\u201d.<\/p>\n\n\n\n<p>&nbsp;Dokument&nbsp;<strong>&nbsp;\u201eZa hranic\u00ed pomsty\u201c<\/strong>&nbsp;je neot\u0159el\u00fdm zpracov\u00e1n\u00edm archaick\u00e9ho a z\u00e1rove\u0148 pal\u010div\u00e9ho t\u00e9matu pomsty, kter\u00e9 propojuje osobn\u00ed a spole\u010densk\u00e9 aspekty s historick\u00fdmi.Pono\u0159uje se do d\u011bjin Z\u00e1padu, aby zjistila, jak se pomsta institucionalizovala a jak se mohla st\u00e1t sou\u010d\u00e1st\u00ed cel\u00e9 na\u0161\u00ed kultury, v\u010detn\u011b um\u011bn\u00ed a n\u00e1bo\u017eenstv\u00ed.&nbsp;<\/p>\n\n\n\n<p>Nejv\u011bt\u0161\u00ed s\u00edla dokumentu v\u0161ak spo\u010d\u00edv\u00e1 ve v\u00fdpov\u011bd\u00edch lid\u00ed, kte\u0159\u00ed si uv\u011bdomili, jak hluboce pomsta ovlivnila jejich \u017eivoty, a odv\u00e1\u017en\u011b se s n\u00e1mi d\u011bl\u00ed o sv\u00e9 p\u0159\u00edb\u011bhy a pochopen\u00ed. Ztoto\u017en\u011bn\u00ed se s respondenty n\u00e1m nab\u00edz\u00ed mo\u017enost pochopit pomstu v na\u0161ich vlastn\u00edch \u017eivotech, od velk\u00fdch traumat a\u017e po ka\u017edodenn\u00ed sou\u017eit\u00ed.Pono\u0159\u00edme se s protagonisty do temnoty na\u0161ich pocit\u016f, abychom se vyno\u0159ili k mo\u017enosti sm\u00ed\u0159en\u00ed. \u201eZa hranic\u00ed pomsty\u201c je v podstat\u011b pozitivn\u00edm a nad\u011bjn\u00fdm dokumentem a v\u00fdzvou k v\u011bdom\u00e9mu kroku vp\u0159ed p\u0159i p\u0159ekon\u00e1v\u00e1n\u00ed n\u00e1sil\u00ed.&nbsp;<\/p>\n\n\n\n<p>FICNOVA oce\u0148uje, \u017ee dokument nab\u00edz\u00ed mimo\u0159\u00e1dn\u011b cenn\u00fd p\u0159\u00edsp\u011bvek, kter\u00fd pom\u016f\u017ee zv\u00fd\u0161it pov\u011bdom\u00ed o mechanismech n\u00e1sil\u00ed a pomsty v n\u00e1s i ve spole\u010dnosti a umo\u017en\u00ed n\u00e1m se od nich odpoutat.&nbsp;<\/p>\n\n\n\n<p><strong>KDY\u00a0<\/strong>16. kv\u011btna 19:00 &#8211; Prom\u00edt\u00e1n\u00ed dokumentu ZA HRANIC\u00cd POMSTY<br><strong>KDE\u00a0<\/strong>Tibet Open House &#8211; \u0160kolsk\u00e1 28, Praha 1<\/p>","protected":false},"excerpt":{"rendered":"<p>16. kv\u011btna od 19:00 Prom\u00edt\u00e1n\u00ed dokumentu, sd\u00edlen\u00ed na t\u00e9ma pomsta a usm\u00ed\u0159en\u00ed i kr\u00e1tk\u00e1 meditace \u201dzm\u011bna \u00fahlu pohledu\u201d. &nbsp;Dokument&nbsp;&nbsp;\u201eZa hranic\u00ed pomsty\u201c&nbsp;je neot\u0159el\u00fdm zpracov\u00e1n\u00edm archaick\u00e9ho a z\u00e1rove\u0148 pal\u010div\u00e9ho t\u00e9matu pomsty, kter\u00e9 propojuje osobn\u00ed a spole\u010densk\u00e9 aspekty s historick\u00fdmi.Pono\u0159uje se do d\u011bjin Z\u00e1padu, aby zjistila, jak se pomsta institucionalizovala a jak se mohla st\u00e1t sou\u010d\u00e1st\u00ed cel\u00e9 na\u0161\u00ed [&hellip;]<\/p>","protected":false},"author":9,"featured_media":4837,"comment_status":"closed","ping_status":"open","sticky":false,"template":"","format":"standard","meta":[],"categories":[1],"tags":[],"_links":{"self":[{"href":"http:\/\/parkpravikov.cz\/es\/wp-json\/wp\/v2\/posts\/4836"}],"collection":[{"href":"http:\/\/parkpravikov.cz\/es\/wp-json\/wp\/v2\/posts"}],"about":[{"href":"http:\/\/parkpravikov.cz\/es\/wp-json\/wp\/v2\/types\/post"}],"author":[{"embeddable":true,"href":"http:\/\/parkpravikov.cz\/es\/wp-json\/wp\/v2\/users\/9"}],"replies":[{"embeddable":true,"href":"http:\/\/parkpravikov.cz\/es\/wp-json\/wp\/v2\/comments?post=4836"}],"version-history":[{"count":2,"href":"http:\/\/parkpravikov.cz\/es\/wp-json\/wp\/v2\/posts\/4836\/revisions"}],"predecessor-version":[{"id":4846,"href":"http:\/\/parkpravikov.cz\/es\/wp-json\/wp\/v2\/posts\/4836\/revisions\/4846"}],"wp:featuredmedia":[{"embeddable":true,"href":"http:\/\/parkpravikov.cz\/es\/wp-json\/wp\/v2\/media\/4837"}],"wp:attachment":[{"href":"http:\/\/parkpravikov.cz\/es\/wp-json\/wp\/v2\/media?parent=4836"}],"wp:term":[{"taxonomy":"category","embeddable":true,"href":"http:\/\/parkpravikov.cz\/es\/wp-json\/wp\/v2\/categories?post=4836"},{"taxonomy":"post_tag","embeddable":true,"href":"http:\/\/parkpravikov.cz\/es\/wp-json\/wp\/v2\/tags?post=4836"}],"curies":[{"name":"wp","href":"https:\/\/api.w.org\/{rel}","templated":true}]}}