{"id":1794,"date":"2014-01-03T12:17:02","date_gmt":"2014-01-03T11:17:02","guid":{"rendered":"\/?p=1794"},"modified":"2014-01-03T12:18:02","modified_gmt":"2014-01-03T11:18:02","slug":"neoficialni-schuzka-skoly-parku-studii-a-reflexe","status":"publish","type":"post","link":"http:\/\/parkpravikov.cz\/es\/neoficialni-schuzka-skoly-parku-studii-a-reflexe\/","title":{"rendered":"Neofici\u00e1ln\u00ed sch\u016fzka \u0160koly Park\u016f studi\u00ed a reflexe"},"content":{"rendered":"<p>Uzav\u0159en\u00e9 setk\u00e1n\u00ed mistr\u016f \u0160koly Park\u016f studi\u00ed a reflexe.<\/p>","protected":false},"excerpt":{"rendered":"<p>Uzav\u0159en\u00e9 setk\u00e1n\u00ed mistr\u016f \u0160koly Park\u016f studi\u00ed a reflexe.<\/p>","protected":false},"author":25,"featured_media":0,"comment_status":"closed","ping_status":"closed","sticky":false,"template":"","format":"standard","meta":[],"categories":[6,4],"tags":[],"_links":{"self":[{"href":"http:\/\/parkpravikov.cz\/es\/wp-json\/wp\/v2\/posts\/1794"}],"collection":[{"href":"http:\/\/parkpravikov.cz\/es\/wp-json\/wp\/v2\/posts"}],"about":[{"href":"http:\/\/parkpravikov.cz\/es\/wp-json\/wp\/v2\/types\/post"}],"author":[{"embeddable":true,"href":"http:\/\/parkpravikov.cz\/es\/wp-json\/wp\/v2\/users\/25"}],"replies":[{"embeddable":true,"href":"http:\/\/parkpravikov.cz\/es\/wp-json\/wp\/v2\/comments?post=1794"}],"version-history":[{"count":2,"href":"http:\/\/parkpravikov.cz\/es\/wp-json\/wp\/v2\/posts\/1794\/revisions"}],"predecessor-version":[{"id":1796,"href":"http:\/\/parkpravikov.cz\/es\/wp-json\/wp\/v2\/posts\/1794\/revisions\/1796"}],"wp:attachment":[{"href":"http:\/\/parkpravikov.cz\/es\/wp-json\/wp\/v2\/media?parent=1794"}],"wp:term":[{"taxonomy":"category","embeddable":true,"href":"http:\/\/parkpravikov.cz\/es\/wp-json\/wp\/v2\/categories?post=1794"},{"taxonomy":"post_tag","embeddable":true,"href":"http:\/\/parkpravikov.cz\/es\/wp-json\/wp\/v2\/tags?post=1794"}],"curies":[{"name":"wp","href":"https:\/\/api.w.org\/{rel}","templated":true}]}}