{"id":1792,"date":"2014-01-03T12:07:46","date_gmt":"2014-01-03T11:07:46","guid":{"rendered":"\/?p=1792"},"modified":"2014-01-03T12:07:46","modified_gmt":"2014-01-03T11:07:46","slug":"otevreny-vikend","status":"publish","type":"post","link":"http:\/\/parkpravikov.cz\/es\/otevreny-vikend\/","title":{"rendered":"Otev\u0159en\u00fd v\u00edkend"},"content":{"rendered":"<p>O v\u00edkendu 4.-5. ledna bude Park Prav\u00edkov otev\u0159en v\u0161em, kdo budou cht\u00edt p\u0159ij\u00edt &#8211; a\u0165 u\u017e na chv\u00edli prohl\u00e9dnout si Park, posed\u011bt, nebo na cel\u00fd v\u00edkend v\u011bnovan\u00fd studiu, meditaci, diskus\u00edm, ceremoni\u00edm&#8230; program nen\u00ed pl\u00e1novan\u00fd, v\u00edkend je otev\u0159en\u00fd.<\/p>\n<p>Pro bli\u017e\u0161\u00ed informace a rezervaci m\u00edsta na span\u00ed v Parku: Petra Duhajsk\u00e1 (724 595 639, peta.duhajska@gmail.com). Postel je t\u0159eba rezervovat p\u0159edem.<\/p>","protected":false},"excerpt":{"rendered":"<p>O v\u00edkendu 4.-5. ledna bude Park Prav\u00edkov otev\u0159en v\u0161em, kdo budou cht\u00edt p\u0159ij\u00edt &#8211; a\u0165 u\u017e na chv\u00edli prohl\u00e9dnout si Park, posed\u011bt, nebo na cel\u00fd v\u00edkend v\u011bnovan\u00fd studiu, meditaci, diskus\u00edm, ceremoni\u00edm&#8230; program nen\u00ed pl\u00e1novan\u00fd, v\u00edkend je otev\u0159en\u00fd. Pro bli\u017e\u0161\u00ed informace a rezervaci m\u00edsta na span\u00ed v Parku: Petra Duhajsk\u00e1 (724 595 639, peta.duhajska@gmail.com). Postel je [&hellip;]<\/p>","protected":false},"author":25,"featured_media":0,"comment_status":"closed","ping_status":"closed","sticky":false,"template":"","format":"standard","meta":[],"categories":[6,4],"tags":[],"_links":{"self":[{"href":"http:\/\/parkpravikov.cz\/es\/wp-json\/wp\/v2\/posts\/1792"}],"collection":[{"href":"http:\/\/parkpravikov.cz\/es\/wp-json\/wp\/v2\/posts"}],"about":[{"href":"http:\/\/parkpravikov.cz\/es\/wp-json\/wp\/v2\/types\/post"}],"author":[{"embeddable":true,"href":"http:\/\/parkpravikov.cz\/es\/wp-json\/wp\/v2\/users\/25"}],"replies":[{"embeddable":true,"href":"http:\/\/parkpravikov.cz\/es\/wp-json\/wp\/v2\/comments?post=1792"}],"version-history":[{"count":1,"href":"http:\/\/parkpravikov.cz\/es\/wp-json\/wp\/v2\/posts\/1792\/revisions"}],"predecessor-version":[{"id":1793,"href":"http:\/\/parkpravikov.cz\/es\/wp-json\/wp\/v2\/posts\/1792\/revisions\/1793"}],"wp:attachment":[{"href":"http:\/\/parkpravikov.cz\/es\/wp-json\/wp\/v2\/media?parent=1792"}],"wp:term":[{"taxonomy":"category","embeddable":true,"href":"http:\/\/parkpravikov.cz\/es\/wp-json\/wp\/v2\/categories?post=1792"},{"taxonomy":"post_tag","embeddable":true,"href":"http:\/\/parkpravikov.cz\/es\/wp-json\/wp\/v2\/tags?post=1792"}],"curies":[{"name":"wp","href":"https:\/\/api.w.org\/{rel}","templated":true}]}}