{"id":1669,"date":"2013-07-16T18:24:33","date_gmt":"2013-07-16T16:24:33","guid":{"rendered":"\/?p=1669"},"modified":"2013-09-03T13:25:13","modified_gmt":"2013-09-03T11:25:13","slug":"prozitkovy-seminar-cesta-k-sebeosvobozeni","status":"publish","type":"post","link":"http:\/\/parkpravikov.cz\/es\/prozitkovy-seminar-cesta-k-sebeosvobozeni\/","title":{"rendered":"Pro\u017eitkov\u00fd semin\u00e1\u0159 Cesta k sebeosvobozen\u00ed"},"content":{"rendered":"<p><a href=\"\/es\/blog\/2013\/07\/16\/prozitkovy-seminar-cesta-k-sebeosvobozeni\/28170_647058738646102_1425347464_n\/\" rel=\"attachment wp-att-1670\"><img loading=\"lazy\" class=\"alignleft size-thumbnail wp-image-1670\" src=\"\/wp-content\/uploads\/2013\/07\/28170_647058738646102_1425347464_n-150x100.jpg\" alt=\"\" width=\"150\" height=\"100\" \/><\/a>Jak\u00fd je smysl \u017eivota? Kdo jsem a kam sm\u011b\u0159uje m\u016fj \u017eivot? Existuje jin\u00e1 skute\u010dnost ne\u017e ta ka\u017edodenn\u00ed? Je mo\u017en\u00e9 dos\u00e1hnout hlubok\u00e9 vnit\u0159n\u00ed zku\u0161enosti, kter\u00e1 by vyvolala roz\u0161\u00ed\u0159en\u00ed v\u011bdom\u00ed a pozitivn\u00ed zm\u011bny? Je mo\u017en\u00e9 zm\u011bnit dne\u0161n\u00ed n\u00e1silnou a nespravedlivou spole\u010dnost?<\/p>\n<p><em>\u201eNehovo\u0159\u00edm k tob\u011b o svobod\u011b jako o n\u011b\u010dem statick\u00e9m, ale o tom, jak se krok za krokem osvobod\u00ed\u0161 tak, jako se poutn\u00edk osvobozuje od pro\u0161l\u00e9 cesty, kdy\u017e se bl\u00ed\u017e\u00ed ke sv\u00e9mu m\u011bstu.\u201c<\/em><br \/>\nSilo, Vnit\u0159n\u00ed pohled<\/p>\n<p>4 dny pro osobn\u00ed rozvoj, studium, meditace a praktick\u00e1 cvi\u010den\u00ed<br \/>\n<strong>21. &#8211; 25. srpna 2013, Park studi\u00ed a reflexe Prav\u00edkov<\/strong><!--more--><\/p>\n<p>Semin\u00e1\u0159 je inspirov\u00e1n Nov\u00fdm humanismem a Siloistickou \u0160kolou (praktiky sebepozn\u00e1n\u00ed, relaxace, cvi\u010den\u00ed na pozornost, dynamick\u00e9 meditace, z\u00e1\u017eitek vnit\u0159n\u00edho m\u00edru a dobr\u00e9ho byt\u00ed, pr\u00e1ce s p\u0159edstavami a psychofyzickou energi\u00ed, tvo\u0159iv\u00e1 pr\u00e1ce s keramikou s v\u00fdpalem metodou africk\u00e9ho raku)<\/p>\n<p>Pro informace a rezervace: Dana Feminov\u00e1, 777 711 911, danafem@volny.cz &#8211; Rezervace p\u0159edem je nezbytn\u00e1!<\/p>\n<p><a href=\"\/es\/blog\/2013\/07\/16\/prozitkovy-seminar-cesta-k-sebeosvobozeni\/pozvanka_-8_2013\/\" rel=\"attachment wp-att-1672\"><img loading=\"lazy\" class=\"alignnone size-large wp-image-1672\" src=\"\/wp-content\/uploads\/2013\/07\/Pozvanka_-8_2013-584x825.jpg\" alt=\"\" width=\"584\" height=\"825\" \/><\/a><\/p>\n<p>&nbsp;<\/p>","protected":false},"excerpt":{"rendered":"<p>Jak\u00fd je smysl \u017eivota? Kdo jsem a kam sm\u011b\u0159uje m\u016fj \u017eivot? Existuje jin\u00e1 skute\u010dnost ne\u017e ta ka\u017edodenn\u00ed? Je mo\u017en\u00e9 dos\u00e1hnout hlubok\u00e9 vnit\u0159n\u00ed zku\u0161enosti, kter\u00e1 by vyvolala roz\u0161\u00ed\u0159en\u00ed v\u011bdom\u00ed a pozitivn\u00ed zm\u011bny? Je mo\u017en\u00e9 zm\u011bnit dne\u0161n\u00ed n\u00e1silnou a nespravedlivou spole\u010dnost? \u201eNehovo\u0159\u00edm k tob\u011b o svobod\u011b jako o n\u011b\u010dem statick\u00e9m, ale o tom, jak se krok za [&hellip;]<\/p>","protected":false},"author":25,"featured_media":0,"comment_status":"closed","ping_status":"closed","sticky":false,"template":"","format":"standard","meta":[],"categories":[6,4],"tags":[],"_links":{"self":[{"href":"http:\/\/parkpravikov.cz\/es\/wp-json\/wp\/v2\/posts\/1669"}],"collection":[{"href":"http:\/\/parkpravikov.cz\/es\/wp-json\/wp\/v2\/posts"}],"about":[{"href":"http:\/\/parkpravikov.cz\/es\/wp-json\/wp\/v2\/types\/post"}],"author":[{"embeddable":true,"href":"http:\/\/parkpravikov.cz\/es\/wp-json\/wp\/v2\/users\/25"}],"replies":[{"embeddable":true,"href":"http:\/\/parkpravikov.cz\/es\/wp-json\/wp\/v2\/comments?post=1669"}],"version-history":[{"count":11,"href":"http:\/\/parkpravikov.cz\/es\/wp-json\/wp\/v2\/posts\/1669\/revisions"}],"predecessor-version":[{"id":1726,"href":"http:\/\/parkpravikov.cz\/es\/wp-json\/wp\/v2\/posts\/1669\/revisions\/1726"}],"wp:attachment":[{"href":"http:\/\/parkpravikov.cz\/es\/wp-json\/wp\/v2\/media?parent=1669"}],"wp:term":[{"taxonomy":"category","embeddable":true,"href":"http:\/\/parkpravikov.cz\/es\/wp-json\/wp\/v2\/categories?post=1669"},{"taxonomy":"post_tag","embeddable":true,"href":"http:\/\/parkpravikov.cz\/es\/wp-json\/wp\/v2\/tags?post=1669"}],"curies":[{"name":"wp","href":"https:\/\/api.w.org\/{rel}","templated":true}]}}