{"id":1656,"date":"2013-07-01T14:51:35","date_gmt":"2013-07-01T12:51:35","guid":{"rendered":"\/?p=1656"},"modified":"2013-07-02T13:00:25","modified_gmt":"2013-07-02T11:00:25","slug":"stavba-pece","status":"publish","type":"post","link":"http:\/\/parkpravikov.cz\/es\/stavba-pece\/","title":{"rendered":"Stavba pece"},"content":{"rendered":"<p><a href=\"\/es\/blog\/2013\/07\/01\/stavba-pece\/sam_0020\/\" rel=\"attachment wp-att-1664\"><img loading=\"lazy\" class=\"alignleft size-thumbnail wp-image-1664\" src=\"\/wp-content\/uploads\/2013\/07\/SAM_0020-150x84.jpg\" alt=\"\" width=\"150\" height=\"84\" \/><\/a>Zveme v\u00e1s na prodlou\u017een\u00fd <strong>v\u00edkend 5.-7. \u010dervence<\/strong> do Parku Prav\u00edkov, kde se budete moci p\u0159ipojit k dal\u0161\u00edmu kroku pr\u00e1ce v d\u00edln\u00e1ch, <strong>vytvo\u0159en\u00ed dvoukomorov\u00e9 pece na vypalov\u00e1n\u00ed keramiky<\/strong>. Celou pec b\u011bhem jednoho v\u00edkendu t\u00e9m\u011b\u0159 jist\u011b nestihneme, ale vyzkou\u0161\u00edme si, jak postupovat, mo\u017en\u00e1 p\u0159ijdou i zaj\u00edmav\u00e9 inspirace a budeme se sna\u017eit vn\u00edmat spojen\u00ed mezi prac\u00ed s materi\u00e1lem a ohn\u011bm a pro\u017eitky v na\u0161em nitru.<!--more--><\/p>\n<p>Za\u010d\u00e1tek akce je pl\u00e1nov\u00e1n na p\u00e1te\u010dn\u00ed odpoledne, konec na ned\u011bli ve\u010der. Pro bli\u017e\u0161\u00ed informace a rezervaci m\u00edsta na span\u00ed kontaktujte Petru Duhajskou (peta.duhajska@gmail.com, 724 595 639). P\u0159\u00edsp\u011bvek na provoz v Parku je 50,- K\u010d\/den a 100,- K\u010d\/noc.<\/p>\n<p><em>\u201eExistuj\u00ed oblasti mysli, kter\u00e9 maj\u00ed speci\u00e1ln\u00ed v\u00fdznam, a kdy\u017e s nimi vstoup\u00edme do kontaktu, vytvo\u0159\u00ed to hlubok\u00e9 vnit\u0159n\u00ed dojet\u00ed, p\u0159in\u00e1\u0161\u00ed to inspirovan\u00e9 odpov\u011bdi a uvol\u0148uj\u00ed se velk\u00e9 s\u00edly. Vytr\u017een\u00ed zamilovan\u00fdch, inspirace um\u011blc\u016f a ext\u00e1ze mystiku maj\u00ed spole\u010dn\u00fd pramen v t\u00e9to hloubce mysli.\u201c<\/em><\/p>\n<p><a href=\"http:\/\/parkpravikov.cz\/es\/media\/galerie\/?kpgp=2&amp;album=StavbaPece\/\">Fotografie ze stavby prvn\u00ed pece<\/a> najdete <a title=\"Fotogalerie\" href=\"http:\/\/parkpravikov.cz\/es\/media\/galerie\/\">ve fotogalerii<\/a>.<\/p>\n<p><strong>\u201eOb\u0159ad Ohn\u011b\u201c a pr\u00e1ce v d\u00edln\u00e1ch<\/strong><\/p>\n<p>Historie ohn\u011b je pevn\u011b spjata s histori\u00ed a rozvojem \u010dlov\u011bka, s duchovnost\u00ed, p\u0159edstavou vesm\u00edru, s psychologi\u00ed i se spole\u010densk\u00fdm a technologick\u00fdm v\u00fdvojem. Jeho intuice i pozorov\u00e1n\u00ed, pr\u00e1ce trvaj\u00edc\u00ed tis\u00edce let, to v\u0161e co vedlo k t\u011bm nejd\u016fle\u017eit\u011bj\u0161\u00edm pokrok\u016fm \u2013 od uchov\u00e1n\u00ed ohn\u011b a\u017e po jeho vytv\u00e1\u0159en\u00ed, pozn\u00e1v\u00e1n\u00ed jak zvy\u0161ovat teplotu d\u00edky pec\u00edm a jeho pou\u017eit\u00ed k v\u00fdrob\u011b r\u016fzn\u00fdch p\u0159edm\u011bt\u016f\u2026to nejsou jen vn\u011bj\u0161\u00ed miln\u00edky, jsou to projevy vnit\u0159n\u00edch proces\u016f, vztah\u016f a nov\u00fdch pochopen\u00ed uvnit\u0159 \u010dlov\u011bka. Pr\u00e1ce s ohn\u011bm, pecemi, pr\u00e1ce spojen\u00e9 s p\u0159em\u011bnou hmoty jsou zp\u016fsobem, jak se p\u0159ibl\u00ed\u017eit tomuto historick\u00e9mu procesu.<\/p>\n<p><a href=\"\/es\/blog\/2013\/07\/01\/stavba-pece\/sam_2426\/\" rel=\"attachment wp-att-1665\"><img loading=\"lazy\" class=\"alignnone size-large wp-image-1665\" src=\"\/wp-content\/uploads\/2013\/07\/SAM_2426-584x438.jpg\" alt=\"\" width=\"584\" height=\"438\" \/><\/a>D\u00edlna u\u010d\u00ed vytv\u00e1\u0159et vnit\u0159n\u00ed proporci a tak\u00e9 zp\u016fsob, jak pracovat vyrovnan\u011b. P\u0159i t\u00e9to vn\u011bj\u0161\u00ed \u010dinnosti \u0159e\u0161\u00edme probl\u00e9my p\u0159esnosti a podrobnost\u00ed, a postupn\u011b tak vytv\u00e1\u0159\u00edme vnit\u0159n\u00ed proporce. Vnit\u0159n\u00ed stavy jsou s vn\u011bj\u0161\u00edmi operacemi spojeny ur\u010dit\u00fdm t\u00f3nem.<\/p>\n<p>V \u0159emesln\u00fdch d\u00edln\u00e1ch se pracuje ve snaze nab\u00fdt p\u0159esnosti, proporce a \u0159\u00e1du, p\u0159i\u010dem\u017e se pomalu dosahuje st\u00e1losti a vyv\u00e1\u017eenosti. Vedle tohoto \u201epsychologick\u00e9ho tr\u00e9ninku\u201c, mohou b\u00fdt \u0159emesla tak\u00e9 d\u016fle\u017eitou a hlubokou studnic\u00ed inspirace.<\/p>\n<p>Prvn\u00ed etapa zahrnuje udr\u017eov\u00e1n\u00ed a rozd\u011bl\u00e1v\u00e1n\u00ed ohn\u011b. V n\u00e1sleduj\u00edc\u00ed etap\u011b za\u010d\u00edn\u00e1 pr\u00e1ce s materi\u00e1ly za studena (mramor, prysky\u0159ice, s\u00e1dra, cement atd.) a s formami, kter\u00e9 jim odpov\u00eddaj\u00ed. N\u00e1sleduj\u00edc\u00ed etapa je v\u011bnovan\u00e1 pr\u00e1ci se st\u00e1le vy\u0161\u0161\u00edmi teplotami, a to v n\u00e1sleduj\u00edc\u00edm po\u0159ad\u00ed: nejprve keramika a potom kovy jako c\u00edn, hlin\u00edk, m\u011b\u010f, bronz a \u017eelezo. Pr\u00e1ce s teplotami zahrnuje zach\u00e1zen\u00ed s vhodn\u00fdmi formami, n\u00e1\u0159ad\u00edm a s pecemi.<\/p>\n<p><strong>Prvn\u00ed etapa \u2013 Ohe\u0148<\/strong><\/p>\n<p>\u2022 Pr\u00e1ce s ohn\u011bm \u2013 uchov\u00e1n\u00ed, p\u0159en\u00e1\u0161en\u00ed a rozd\u011bl\u00e1n\u00ed ohn\u011b k\u0159es\u00e1n\u00edm kameny<br \/>\n\u2022 Sb\u011br hl\u00edny, v\u00fdroba jednoduch\u00e9 p\u00edcky z hl\u00edny<br \/>\n\u2022 Udr\u017eov\u00e1n\u00ed teploty, jej\u00ed rozpt\u00fdlen\u00ed a jej\u00ed soust\u0159ed\u011bn\u00ed<\/p>\n<p><strong>Druh\u00e1 etapa \u2013 Pr\u00e1ce s materi\u00e1ly \u201eza studena\u201c<\/strong><\/p>\n<p>\u2022 Pr\u00e1ce v d\u00edln\u011b s materi\u00e1ly za studena \u2013 vosk, kau\u010duk, prysky\u0159ice, s\u00e1dra a cement<br \/>\n\u2022 V\u00fdroba p\u0159edm\u011bt\u016f a jejich kopi\u00ed, v\u00fdroba formy<br \/>\n\u2022 \u010ci\u0161t\u011bn\u00ed, brou\u0161en\u00ed a le\u0161t\u011bn\u00ed p\u0159edm\u011bt\u016f<\/p>\n<p><strong>T\u0159et\u00ed etapa \u2013 Keramika<\/strong><\/p>\n<p>\u2022 Pr\u00e1ce s keramickou hl\u00ednou a glazurou<br \/>\n\u2022 V\u00fdroba jednoduch\u00e9 pece na vypalov\u00e1n\u00ed hl\u00edny a keramiky<br \/>\n\u2022 Technika \u201eafrick\u00e9 raku\u201c, v\u00fdroba forem ze s\u00e1dry ze 2<br \/>\nodlitk\u016f<br \/>\n\u2022 V\u00fdroba pece na plyn (Tacho)<\/p>\n<p><strong>\u010ctvrt\u00e1 etapa \u2013 Kovy<\/strong><\/p>\n<p>\u2022 Pr\u00e1ce s kovy \u2013 c\u00edn, m\u011b\u010f, mosaz, bronz, \u017eelezo<br \/>\n\u2022 Pr\u00e1ce s pec\u00ed Tacho a s v\u00fdhn\u00ed<br \/>\n\u2022 P\u0159\u00edprava r\u016fzn\u00fdch druh\u016f forem ze s\u00e1dry, k\u0159emene a k\u0159emenn\u00e9ho p\u00edsku<br \/>\n\u2022 V\u00fdroba kel\u00edmk\u016f a kovov\u00fdch n\u00e1stroj\u016f pot\u0159ebn\u00fdch p\u0159i pr\u00e1ci<\/p>\n<p><strong>P\u00e1t\u00e1 etapa \u2013 Sklo<\/strong><\/p>\n<p>\u2022 Sklo foukan\u00e9, lit\u00e9 a odl\u00e9van\u00e9<br \/>\n\u2022 Stavba plynov\u00e9 a muflov\u00e9 pece<br \/>\n\u2022 V\u00fdroba n\u00e1stroj\u016f<br \/>\n\u2022 Pr\u00e1ce s oxidy, formami a povrchov\u00e9 \u00fapravy<\/p>\n<p>&nbsp;<\/p>","protected":false},"excerpt":{"rendered":"<p>Zveme v\u00e1s na prodlou\u017een\u00fd v\u00edkend 5.-7. \u010dervence do Parku Prav\u00edkov, kde se budete moci p\u0159ipojit k dal\u0161\u00edmu kroku pr\u00e1ce v d\u00edln\u00e1ch, vytvo\u0159en\u00ed dvoukomorov\u00e9 pece na vypalov\u00e1n\u00ed keramiky. Celou pec b\u011bhem jednoho v\u00edkendu t\u00e9m\u011b\u0159 jist\u011b nestihneme, ale vyzkou\u0161\u00edme si, jak postupovat, mo\u017en\u00e1 p\u0159ijdou i zaj\u00edmav\u00e9 inspirace a budeme se sna\u017eit vn\u00edmat spojen\u00ed mezi prac\u00ed s materi\u00e1lem [&hellip;]<\/p>","protected":false},"author":25,"featured_media":0,"comment_status":"closed","ping_status":"closed","sticky":false,"template":"","format":"standard","meta":[],"categories":[6,4],"tags":[],"_links":{"self":[{"href":"http:\/\/parkpravikov.cz\/es\/wp-json\/wp\/v2\/posts\/1656"}],"collection":[{"href":"http:\/\/parkpravikov.cz\/es\/wp-json\/wp\/v2\/posts"}],"about":[{"href":"http:\/\/parkpravikov.cz\/es\/wp-json\/wp\/v2\/types\/post"}],"author":[{"embeddable":true,"href":"http:\/\/parkpravikov.cz\/es\/wp-json\/wp\/v2\/users\/25"}],"replies":[{"embeddable":true,"href":"http:\/\/parkpravikov.cz\/es\/wp-json\/wp\/v2\/comments?post=1656"}],"version-history":[{"count":5,"href":"http:\/\/parkpravikov.cz\/es\/wp-json\/wp\/v2\/posts\/1656\/revisions"}],"predecessor-version":[{"id":1663,"href":"http:\/\/parkpravikov.cz\/es\/wp-json\/wp\/v2\/posts\/1656\/revisions\/1663"}],"wp:attachment":[{"href":"http:\/\/parkpravikov.cz\/es\/wp-json\/wp\/v2\/media?parent=1656"}],"wp:term":[{"taxonomy":"category","embeddable":true,"href":"http:\/\/parkpravikov.cz\/es\/wp-json\/wp\/v2\/categories?post=1656"},{"taxonomy":"post_tag","embeddable":true,"href":"http:\/\/parkpravikov.cz\/es\/wp-json\/wp\/v2\/tags?post=1656"}],"curies":[{"name":"wp","href":"https:\/\/api.w.org\/{rel}","templated":true}]}}