{"id":164,"date":"2011-12-14T17:09:14","date_gmt":"2011-12-14T16:09:14","guid":{"rendered":"\/?p=164"},"modified":"2012-12-31T01:17:56","modified_gmt":"2012-12-31T00:17:56","slug":"spolecna-zadost-za-hlubokou-zmenu-do-roku-2012","status":"publish","type":"post","link":"http:\/\/parkpravikov.cz\/es\/spolecna-zadost-za-hlubokou-zmenu-do-roku-2012\/","title":{"rendered":"Spole\u010dn\u00e1 \u017e\u00e1dost za hlubokou zm\u011bnu do roku 2012"},"content":{"rendered":"<p><img loading=\"lazy\" class=\"size-thumbnail wp-image-249 alignleft\" src=\"\/wp-content\/uploads\/2011\/12\/zadost-07-01-2012_A1-150x212.jpg\" alt=\"\" width=\"150\" height=\"212\" \/>Srde\u010dn\u011b v\u00e1s zveme na velkou spole\u010dnou \u017e\u00e1dost do roku 2012, kter\u00e1 prob\u011bhne v Parku studi\u00ed a reflexe Prav\u00edkov<strong> v sobotu 7. ledna 2012 ve 14 hodin<\/strong>. S\u00edla na\u0161ich nejlep\u0161\u00edch p\u0159\u00e1n\u00ed spojen\u00fdch dohromady dok\u00e1\u017ee z\u00e1zraky&#8230;<\/p>\n<p>V dne\u0161n\u00edm sv\u011bt\u011b velk\u00fdch ot\u0159es\u016f bez jasn\u00e9 budoucnosti c\u00edt\u00edme silnou pot\u0159ebu hlubok\u00e9 pozitivn\u00ed zm\u011bny ve sv\u011bt\u011b. Proto spole\u010dn\u011b, z hloubky na\u0161eho nitra, po\u017e\u00e1d\u00e1me o inspiraci, o s\u00edlu, o vnit\u0159n\u00ed klid, aby se ta nejlep\u0161\u00ed p\u0159\u00e1n\u00ed uvnit\u0159 n\u00e1s mohla projevit, pomohla n\u00e1m, na\u0161im bl\u00edzk\u00fdm i vzd\u00e1len\u00fdm a mohly se otev\u0159\u00edt nov\u00e9 horizonty.<\/p>\n<p><!--more--><\/p>\n<p>V sou\u010dasn\u00e9 dob\u011b za\u0159izujeme zp\u00e1te\u010dn\u00ed autobus z Prahy pl\u00e1novan\u00fd odjezd z Prahy v 10:00h (m\u00edsto bude up\u0159esn\u011bno) pl\u00e1novan\u00fd odjezd zp\u011bt z Prav\u00edkova v 18:00h.<\/p>\n<p>Rezervace m\u00edst: Dana Feminov\u00e1, <a href=\"mailto:danafem@volny.cz\">danafem@volny.cz<\/a>, tel. 777 711 911<\/p>\n<p><a href=\"\/wp-content\/uploads\/2011\/12\/zadost-07-01-2012_A.jpg\"><img loading=\"lazy\" class=\"alignnone size-full wp-image-165\" src=\"\/wp-content\/uploads\/2011\/12\/zadost-07-01-2012_A.jpg\" alt=\"\" width=\"550\" height=\"778\" srcset=\"http:\/\/parkpravikov.cz\/wp-content\/uploads\/2011\/12\/zadost-07-01-2012_A.jpg 550w, http:\/\/parkpravikov.cz\/wp-content\/uploads\/2011\/12\/zadost-07-01-2012_A-212x300.jpg 212w\" sizes=\"(max-width: 550px) 100vw, 550px\" \/><\/a><\/p>","protected":false},"excerpt":{"rendered":"<p>Srde\u010dn\u011b v\u00e1s zveme na velkou spole\u010dnou \u017e\u00e1dost do roku 2012, kter\u00e1 prob\u011bhne v Parku studi\u00ed a reflexe Prav\u00edkov v sobotu 7. ledna 2012 ve 14 hodin. S\u00edla na\u0161ich nejlep\u0161\u00edch p\u0159\u00e1n\u00ed spojen\u00fdch dohromady dok\u00e1\u017ee z\u00e1zraky&#8230; V dne\u0161n\u00edm sv\u011bt\u011b velk\u00fdch ot\u0159es\u016f bez jasn\u00e9 budoucnosti c\u00edt\u00edme silnou pot\u0159ebu hlubok\u00e9 pozitivn\u00ed zm\u011bny ve sv\u011bt\u011b. Proto spole\u010dn\u011b, z hloubky na\u0161eho [&hellip;]<\/p>","protected":false},"author":1,"featured_media":0,"comment_status":"closed","ping_status":"closed","sticky":false,"template":"","format":"standard","meta":[],"categories":[6,4],"tags":[],"_links":{"self":[{"href":"http:\/\/parkpravikov.cz\/es\/wp-json\/wp\/v2\/posts\/164"}],"collection":[{"href":"http:\/\/parkpravikov.cz\/es\/wp-json\/wp\/v2\/posts"}],"about":[{"href":"http:\/\/parkpravikov.cz\/es\/wp-json\/wp\/v2\/types\/post"}],"author":[{"embeddable":true,"href":"http:\/\/parkpravikov.cz\/es\/wp-json\/wp\/v2\/users\/1"}],"replies":[{"embeddable":true,"href":"http:\/\/parkpravikov.cz\/es\/wp-json\/wp\/v2\/comments?post=164"}],"version-history":[{"count":17,"href":"http:\/\/parkpravikov.cz\/es\/wp-json\/wp\/v2\/posts\/164\/revisions"}],"predecessor-version":[{"id":167,"href":"http:\/\/parkpravikov.cz\/es\/wp-json\/wp\/v2\/posts\/164\/revisions\/167"}],"wp:attachment":[{"href":"http:\/\/parkpravikov.cz\/es\/wp-json\/wp\/v2\/media?parent=164"}],"wp:term":[{"taxonomy":"category","embeddable":true,"href":"http:\/\/parkpravikov.cz\/es\/wp-json\/wp\/v2\/categories?post=164"},{"taxonomy":"post_tag","embeddable":true,"href":"http:\/\/parkpravikov.cz\/es\/wp-json\/wp\/v2\/tags?post=164"}],"curies":[{"name":"wp","href":"https:\/\/api.w.org\/{rel}","templated":true}]}}