{"id":1560,"date":"2013-04-09T16:47:12","date_gmt":"2013-04-09T14:47:12","guid":{"rendered":"\/?p=1560"},"modified":"2013-04-09T16:54:20","modified_gmt":"2013-04-09T14:54:20","slug":"studijni-vikend","status":"publish","type":"post","link":"http:\/\/parkpravikov.cz\/es\/studijni-vikend\/","title":{"rendered":"Studijn\u00ed v\u00edkend"},"content":{"rendered":"<p><a href=\"\/es\/blog\/2013\/04\/09\/studijni-vikend\/319426_467937476558230_904123857_n\/\" rel=\"attachment wp-att-1567\"><img loading=\"lazy\" class=\"alignleft size-thumbnail wp-image-1567\" src=\"\/wp-content\/uploads\/2013\/04\/319426_467937476558230_904123857_n-150x100.jpg\" alt=\"\" width=\"150\" height=\"100\" \/><\/a>V sobotu a ned\u011bli 13.-14. dubna bude Park otev\u0159en ka\u017ed\u00e9mu, kdo bude cht\u00edt p\u0159ij\u00edt a dozv\u011bd\u011bt se v\u00edce o projektu Park\u016f studi\u00ed a reflexe, o mo\u017enostech jak se aktivn\u011b zapojit, o akc\u00edch prob\u00edhaj\u00edc\u00edch v Parku Prav\u00edkov, pro ka\u017ed\u00e9ho, kdo bude cht\u00edt str\u00e1vit \u010das v klidn\u00e9m m\u00edst\u011b ur\u010den\u00e9m pro meditaci a studium, bude cht\u00edt poznat nov\u00e9 lidi, pod\u00edvat se na inspirativn\u00ed videa nebo prost\u011b jen chv\u00edli v klidu posed\u011bt.<\/p>\n<p>Po cel\u00fd v\u00edkend bude prostor pro studium, \u010detbu, diskuse, spole\u010dn\u00e9 ceremonie, prom\u00edt\u00e1n\u00ed, sd\u00edlen\u00ed zaj\u00edmav\u00fdch zku\u0161enost\u00ed\u2026<!--more--><\/p>\n<p>Nen\u00ed t\u0159eba se p\u0159edem ohl\u00e1sit, rezervace je pot\u0159eba jen v p\u0159\u00edpad\u011b, \u017ee byste cht\u011bli v Parku p\u0159espat. Bli\u017e\u0161\u00ed informace: Petra Duhajsk\u00e1 (724 595 639, peta.duhajska@gmail.com).<\/p>\n<p>Po\u0159\u00e1d\u00e1: komunita Silova Poselstv\u00ed Praha-Nusle.<br \/>\n<a href=\"http:\/\/www.silovoposelstvi.cz\">www.silovoposelstvi.cz<\/a><\/p>","protected":false},"excerpt":{"rendered":"<p>V sobotu a ned\u011bli 13.-14. dubna bude Park otev\u0159en ka\u017ed\u00e9mu, kdo bude cht\u00edt p\u0159ij\u00edt a dozv\u011bd\u011bt se v\u00edce o projektu Park\u016f studi\u00ed a reflexe, o mo\u017enostech jak se aktivn\u011b zapojit, o akc\u00edch prob\u00edhaj\u00edc\u00edch v Parku Prav\u00edkov, pro ka\u017ed\u00e9ho, kdo bude cht\u00edt str\u00e1vit \u010das v klidn\u00e9m m\u00edst\u011b ur\u010den\u00e9m pro meditaci a studium, bude cht\u00edt poznat nov\u00e9 [&hellip;]<\/p>","protected":false},"author":25,"featured_media":0,"comment_status":"closed","ping_status":"closed","sticky":false,"template":"","format":"standard","meta":[],"categories":[6,4],"tags":[],"_links":{"self":[{"href":"http:\/\/parkpravikov.cz\/es\/wp-json\/wp\/v2\/posts\/1560"}],"collection":[{"href":"http:\/\/parkpravikov.cz\/es\/wp-json\/wp\/v2\/posts"}],"about":[{"href":"http:\/\/parkpravikov.cz\/es\/wp-json\/wp\/v2\/types\/post"}],"author":[{"embeddable":true,"href":"http:\/\/parkpravikov.cz\/es\/wp-json\/wp\/v2\/users\/25"}],"replies":[{"embeddable":true,"href":"http:\/\/parkpravikov.cz\/es\/wp-json\/wp\/v2\/comments?post=1560"}],"version-history":[{"count":4,"href":"http:\/\/parkpravikov.cz\/es\/wp-json\/wp\/v2\/posts\/1560\/revisions"}],"predecessor-version":[{"id":1569,"href":"http:\/\/parkpravikov.cz\/es\/wp-json\/wp\/v2\/posts\/1560\/revisions\/1569"}],"wp:attachment":[{"href":"http:\/\/parkpravikov.cz\/es\/wp-json\/wp\/v2\/media?parent=1560"}],"wp:term":[{"taxonomy":"category","embeddable":true,"href":"http:\/\/parkpravikov.cz\/es\/wp-json\/wp\/v2\/categories?post=1560"},{"taxonomy":"post_tag","embeddable":true,"href":"http:\/\/parkpravikov.cz\/es\/wp-json\/wp\/v2\/tags?post=1560"}],"curies":[{"name":"wp","href":"https:\/\/api.w.org\/{rel}","templated":true}]}}