{"id":152,"date":"2011-12-06T16:23:28","date_gmt":"2011-12-06T15:23:28","guid":{"rendered":"\/?p=152"},"modified":"2012-12-31T01:18:05","modified_gmt":"2012-12-31T00:18:05","slug":"pohadka-o-kouzelnem-parku-dil-treti","status":"publish","type":"post","link":"http:\/\/parkpravikov.cz\/es\/pohadka-o-kouzelnem-parku-dil-treti\/","title":{"rendered":"Poh\u00e1dka o kouzeln\u00e9m Parku, d\u00edl t\u0159et\u00ed"},"content":{"rendered":"<p>Mil\u00ed p\u0159\u00e1tel\u00e9,<\/p>\n<p>Advent u\u017e sice za\u010dal, do Prav\u00edkova v\u0161ak je\u0161t\u011b ob\u00e1van\u00e1 \u201ehorsk\u00e1\u201c zima nedorazila. St\u00e1le se ale v\u00a0Parku studi\u00ed a reflexe v\u00a0\u010cR i v\u00a0<a href=\"\/es\/parky-ve-svete\/\">jin\u00fdch Parc\u00edch ve sv\u011bt\u011b<\/a> d\u011bje n\u011bco zaj\u00edmav\u00e9ho, a tak si op\u011bt dovolujeme sd\u00edlet s\u00a0V\u00e1mi p\u00e1r novinek o tom, jak pokra\u010duje <a href=\"\/es\/blog\/2011\/11\/30\/pohadka-o-kouzelnem-parku-dil-druhy\/\">na\u0161e poh\u00e1dka<\/a>.<\/p>\n<p>Tuto sobotu, 3. prosince, prob\u011bhla \u201eOchutn\u00e1vka Parku Prav\u00edkov\u201c. Nese\u0161lo se n\u00e1s mnoho, ale i tak to byla skv\u011bl\u00e1 p\u0159\u00edle\u017eitost, jak poznat, co Park je a co se v\u00a0n\u011bm d\u011bje, i jak si p\u0159ipomenout, pro\u010d tomuto projektu v\u011bnujeme energii, \u010das i pen\u00edze.<!--more--><\/p>\n<p>Ve\u010dern\u00ed <strong>prom\u00edt\u00e1n\u00ed dokumentu Mudrc z\u00a0And<\/strong> o zakladateli Humanistick\u00e9ho hnut\u00ed a projektu Park\u016f studi\u00ed a reflexe, argentinsk\u00e9m spisovateli a mysliteli Silovi, n\u00e1s utvrdilo v\u00a0tom, \u017ee bychom takov\u00e9 akce m\u011bli po\u0159\u00e1dat \u010dast\u011bji \u2013 p\u0159\u00edmo v\u00a0Prav\u00edkov\u011b, v\u00a0Praze i jinde. Proto V\u00e1s u\u017e te\u010f zvu na ve\u010dern\u00ed prom\u00edt\u00e1n\u00ed filmu Mudrc z\u00a0And, kter\u00e9 prob\u011bhne <strong>v\u00a0p\u00e1tek 16. prosince od 19 hodin v\u00a0Centru neziskov\u00fdch aktivit, Tyr\u0161ova 1<\/strong>, Praha 2. Po prom\u00edt\u00e1n\u00ed prob\u011bhne diskuse.<\/p>\n<p>V\u00a0ned\u011bli 4. prosince prob\u011bhl v\u00a0Parku Prav\u00edkov dal\u0161\u00ed <strong>semin\u00e1\u0159 osobn\u00edho rozvoje<\/strong>, tentokr\u00e1t na t\u00e9ma <a href=\"http:\/\/komunita-cesta.webnode.cz\/news\/seminar-hluboka-promena-zamernost-lidskeho-vedomi\/\">Hlubok\u00e1 a z\u00e1sadn\u00ed zm\u011bna<\/a>. Zd\u00e1nliv\u011b nen\u00e1padn\u00fd semin\u00e1\u0159, v\u011bnuj\u00edc\u00ed v\u011bt\u0161inu dne samostatn\u00e9 osobn\u00ed reflexi jednotliv\u00fdch \u00fa\u010dastn\u00edk\u016f, p\u0159inesl velikou inspiraci, n\u00e1boj a skute\u010dn\u011b pozitivn\u00ed nalad\u011bn\u00ed a odhodl\u00e1n\u00ed k\u00a0dal\u0161\u00edm krok\u016fm v\u00a0oblasti osobn\u00ed pr\u00e1ce.<\/p>\n<blockquote><p>\u201ePo cel\u00fd \u017eivot n\u00e1s ofici\u00e1ln\u00ed v\u00fdchova p\u0159esv\u011bd\u010dovala, \u017ee duchovn\u00ed hled\u00e1n\u00ed \u010dlov\u011bka jen odv\u00e1d\u00ed od re\u00e1ln\u00fdch probl\u00e9m\u016f. A te\u010f mi odpov\u011bz: nemysl\u00ed\u0161, \u017ee sna\u017eit se porozum\u011bt \u017eivotu je re\u00e1ln\u00fd probl\u00e9m?\u201c<\/p>\n<p>&#8211; Paulo Coelho<\/p><\/blockquote>\n<p>Rekonstrukce i sh\u00e1n\u011bn\u00ed pen\u011bz na dal\u0161\u00ed pr\u00e1ce a \u00fapravy Parku pokra\u010duj\u00ed v\u00a0tuto chv\u00edli z\u00a0pochopiteln\u00fdch d\u016fvod\u016f pomalu. P\u0159esto rozvoj Parku a jeho podpora neust\u00e1v\u00e1 ani v\u00a0tomto \u201ezimn\u00edm sp\u00e1nku\u201c, od 30. listopadu do dne\u0161n\u00edho dne p\u0159ibylo <a href=\"https:\/\/www.fio.cz\/scgi-bin\/hermes\/dz-transparent.cgi?ID_ucet=2500074734\">na \u00fa\u010dtu<\/a> dal\u0161\u00edch t\u00e9m\u011b\u0159 10 tis\u00edc korun.<\/p>\n<p>Do konce prosince n\u00e1s v\u00a0Parku Prav\u00edkov \u010dek\u00e1 <a href=\"http:\/\/www.svetbezvalek.cz\/cs\/udalost\/vikendovy-seminar-o-aktivnim-nenasili\">V\u00edkendov\u00fd semin\u00e1\u0159 o aktivn\u00edm nen\u00e1sil\u00ed<\/a>, V\u00e1noce v\u00a0Parku a Silvestr s\u00a0Novoro\u010dn\u00edmi oslavami. Prvn\u00ed lednov\u00fd v\u00edkend bude v\u011bnov\u00e1n oslav\u00e1m v\u00fdro\u010d\u00ed Silova narozen\u00ed. Hlavn\u00edm bodem t\u00e9to akce bude <strong>velk\u00e1 spole\u010dn\u00e1 meditace a \u017e\u00e1dost pro to nejlep\u0161\u00ed do roku 2012<\/strong>, kter\u00e1 prob\u011bhne <strong>v\u00a0sobotu 7. ledna ve 13 hodin<\/strong>.<\/p>\n<p>I v\u00a0ostatn\u00edch Parc\u00edch ve sv\u011bt\u011b se st\u00e1le n\u011bco d\u011bje, nav\u00edc se zd\u00e1, jako by t\u00e9m\u011b\u0159 ka\u017ed\u00fdm dnem vznikaly dal\u0161\u00ed a dal\u0161\u00ed. Prohl\u00e9dn\u011bte si t\u0159eba <a href=\"https:\/\/picasaweb.google.com\/104198350363694698962\/INAUGURACIONMONOLITO03DICIEMBRE2011JOQUICINGO\">fotografie<\/a> z\u00a0inaugurace monolitu v Parku Joquicingo v\u00a0Mexiku. V\u0161echny Parky studi\u00ed a reflexe maj\u00ed <a href=\"http:\/\/parkpravikov.cz\/es\/parky-studii-a-reflexe\/\">n\u011bkolik symbolick\u00fdch prvk\u016f<\/a>. Monolity vznikaly v r\u016fzn\u00fdch kultur\u00e1ch v\u00a0minulosti coby symboly spojen\u00ed zem\u011b s\u00a0nebem. V\u017edy byly vytvo\u0159eny z\u00a0materi\u00e1l\u016f vypov\u00eddaj\u00edc\u00edch o tehdej\u0161\u00ed dob\u011b. Sou\u010dasn\u00fd monolit v\u00a0Parku je vyroben z\u00a0nerezov\u00e9 oceli, aby odpov\u00eddal sou\u010dasn\u00e9mu obdob\u00ed. Uprost\u0159ed je vyryto datum, kdy byl konkr\u00e9tn\u00ed Park otev\u0159en.<\/p>\n<p>Akce a iniciativy po\u0159\u00e1dan\u00e9 Parky ve sv\u011bt\u011b odr\u00e1\u017eej\u00ed r\u016fznorodost n\u00e1rodn\u00edch mentalit a kolorit\u016f. Zat\u00edmco v\u00a0Prav\u00edkov\u011b b\u011bhem podzimu prob\u00edhaly zejm\u00e9na klidn\u011bj\u0161\u00ed (by\u0165 intenzivn\u00ed) semin\u00e1\u0159e a workshopy, jinde je mo\u017en\u00e9 se \u00fa\u010dastnit nap\u0159. <a href=\"https:\/\/www.facebook.com\/photo.php?fbid=249039181817841&amp;set=a.173369676051459.57411.173143446074082\">D\u00edlen v\u00fdrazu a kreativity<\/a> nebo t\u0159eba <a href=\"https:\/\/www.facebook.com\/media\/set\/?set=a.2706933110889.2147724.1183639836&amp;type=3\">B\u011bhu za m\u00edr a nen\u00e1sil\u00ed<\/a>. To, co konkr\u00e9tn\u011b se v\u00a0ka\u017ed\u00e9m Parku d\u011bje, z\u00e1vis\u00ed pochopiteln\u011b na lidech, kte\u0159\u00ed<br \/>\nse pod\u00edlej\u00ed na jeho rozvoji a fungov\u00e1n\u00ed\u2026 a ka\u017ed\u00e1 <strong>dal\u0161\u00ed inspirace je v\u017edy v\u00edtan\u00e1<\/strong>.<\/p>\n<p>Douf\u00e1me, \u017ee se m\u00e1te dob\u0159e a v\u00a0klidu a pohod\u011b si u\u017e\u00edv\u00e1te Advent.<\/p>\n<p>P\u0159ejeme\u00a0v\u00e1m dny pln\u00e9 radosti a inspirace.<\/p>\n<p><a href=\"http:\/\/email.seznam.cz\/redir?hashId=1980925699&amp;to=http%3a%2f%2fwww%2efacebook%2ecom%2fparkstudii\" target=\"_blank\">parkpravikov.cz<br \/>\nwww.facebook.com\/parkstudii<\/a><\/p>\n<blockquote><p>\u201eKdy\u017e se \u017eene\u0161 za c\u00edlem, svazuje\u0161 se. Kdy\u017e v\u0161e, co d\u011bl\u00e1\u0161, d\u011bl\u00e1\u0161, jako by to bylo c\u00edlem samo o sob\u011b, osvobozuje\u0161 se.\u201c<\/p>\n<p>&#8211; Silo<\/p><\/blockquote>","protected":false},"excerpt":{"rendered":"<p>Mil\u00ed p\u0159\u00e1tel\u00e9, Advent u\u017e sice za\u010dal, do Prav\u00edkova v\u0161ak je\u0161t\u011b ob\u00e1van\u00e1 \u201ehorsk\u00e1\u201c zima nedorazila. St\u00e1le se ale v\u00a0Parku studi\u00ed a reflexe v\u00a0\u010cR i v\u00a0jin\u00fdch Parc\u00edch ve sv\u011bt\u011b d\u011bje n\u011bco zaj\u00edmav\u00e9ho, a tak si op\u011bt dovolujeme sd\u00edlet s\u00a0V\u00e1mi p\u00e1r novinek o tom, jak pokra\u010duje na\u0161e poh\u00e1dka. Tuto sobotu, 3. prosince, prob\u011bhla \u201eOchutn\u00e1vka Parku Prav\u00edkov\u201c. Nese\u0161lo se [&hellip;]<\/p>","protected":false},"author":1,"featured_media":0,"comment_status":"closed","ping_status":"closed","sticky":false,"template":"","format":"standard","meta":[],"categories":[5,4],"tags":[],"_links":{"self":[{"href":"http:\/\/parkpravikov.cz\/es\/wp-json\/wp\/v2\/posts\/152"}],"collection":[{"href":"http:\/\/parkpravikov.cz\/es\/wp-json\/wp\/v2\/posts"}],"about":[{"href":"http:\/\/parkpravikov.cz\/es\/wp-json\/wp\/v2\/types\/post"}],"author":[{"embeddable":true,"href":"http:\/\/parkpravikov.cz\/es\/wp-json\/wp\/v2\/users\/1"}],"replies":[{"embeddable":true,"href":"http:\/\/parkpravikov.cz\/es\/wp-json\/wp\/v2\/comments?post=152"}],"version-history":[{"count":6,"href":"http:\/\/parkpravikov.cz\/es\/wp-json\/wp\/v2\/posts\/152\/revisions"}],"predecessor-version":[{"id":1403,"href":"http:\/\/parkpravikov.cz\/es\/wp-json\/wp\/v2\/posts\/152\/revisions\/1403"}],"wp:attachment":[{"href":"http:\/\/parkpravikov.cz\/es\/wp-json\/wp\/v2\/media?parent=152"}],"wp:term":[{"taxonomy":"category","embeddable":true,"href":"http:\/\/parkpravikov.cz\/es\/wp-json\/wp\/v2\/categories?post=152"},{"taxonomy":"post_tag","embeddable":true,"href":"http:\/\/parkpravikov.cz\/es\/wp-json\/wp\/v2\/tags?post=152"}],"curies":[{"name":"wp","href":"https:\/\/api.w.org\/{rel}","templated":true}]}}