{"id":148,"date":"2011-11-30T16:20:54","date_gmt":"2011-11-30T15:20:54","guid":{"rendered":"\/?p=148"},"modified":"2012-12-31T01:18:22","modified_gmt":"2012-12-31T00:18:22","slug":"pohadka-o-kouzelnem-parku-dil-druhy","status":"publish","type":"post","link":"http:\/\/parkpravikov.cz\/es\/pohadka-o-kouzelnem-parku-dil-druhy\/","title":{"rendered":"Poh\u00e1dka o kouzeln\u00e9m Parku, d\u00edl druh\u00fd"},"content":{"rendered":"<p>Mil\u00ed p\u0159\u00e1tel\u00e9,<\/p>\n<p>jak jsme v\u00e1m sl\u00edbili v\u00a0<a href=\"\/es\/blog\/2011\/11\/29\/pohadka-o-kouzelnem-parku-dil-prvni\/\">\u00favodn\u00ed \u010d\u00e1sti Poh\u00e1dky o kouzeln\u00e9m Parku<\/a>, r\u00e1di bychom se s\u00a0v\u00e1mi pod\u011blili o pokra\u010dov\u00e1n\u00ed tohoto p\u0159\u00edb\u011bhu.<\/p>\n<p>Kr\u00e1tk\u00e1 intenzivn\u00ed finan\u010dn\u00ed kampa\u0148 pro <strong>dokon\u010den\u00ed prvn\u00ed f\u00e1ze rekonstrukce Parku Prav\u00edkov<\/strong> sice neprob\u011bhla tak docela podle pl\u00e1nu \u2013 do \u201emagick\u00e9ho\u201c data 11.11.2011 se n\u00e1m nepoda\u0159ilo sehnat 100\u00a0000 korun (od za\u010d\u00e1tku listopadu do p\u00e1tku 11. p\u0159ibylo na \u00fa\u010dtu 15\u00a0900,- K\u010d), ale nakonec jsme tento c\u00edl z\u00a0v\u011bt\u0161\u00ed \u010d\u00e1sti splnili. Za listopad p\u0159i\u0161ly na <a href=\"https:\/\/www.fio.cz\/scgi-bin\/hermes\/dz-transparent.cgi?ID_ucet=2500074734\">\u00fa\u010det Parku Prav\u00edkov<\/a> <strong>p\u0159\u00edsp\u011bvky v\u00a0celkov\u00e9 v\u00fd\u0161i 71\u00a0250,- K\u010d<\/strong>.<!--more--><\/p>\n<p>\u010c\u00e1st pl\u00e1novan\u00fdch prac\u00ed jsme nakonec stejn\u011b byli nuceni odlo\u017eit \u2013 a\u0165 u\u017e kv\u016fli jejich n\u00e1ro\u010dnosti (zakryt\u00ed st\u0159echy krav\u00edna) \u010di kv\u016fli nedostatku \u010dasu, respektive rychle se bl\u00ed\u017e\u00edc\u00ed zim\u011b (dod\u011bl\u00e1n\u00ed p\u0159ipojen\u00ed k\u00a0obecn\u00edmu vodovodu).<\/p>\n<p>Do konce roku n\u00e1s ve spolupr\u00e1ci s\u00a0m\u00edstn\u00edmi zem\u011bd\u011blci je\u0161t\u011b \u010dek\u00e1 \u010di\u0161t\u011bn\u00ed velk\u00e9 j\u00edmky a b\u00fdval\u00e9ho krav\u00edna. <strong>Provizorn\u00ed prostor pro d\u00edlny pro pr\u00e1ci s\u00a0nejr\u016fzn\u011bj\u0161\u00edmi materi\u00e1ly u\u017e je t\u00e9m\u011b\u0159 hotov\u00fd<\/strong>, nyn\u00ed za\u010dne postupn\u00e9 sh\u00e1n\u011bn\u00ed pot\u0159ebn\u00e9ho n\u00e1\u0159ad\u00ed a dal\u0161\u00edho vybaven\u00ed. Nad\u00e1le pokra\u010duj\u00ed \u00fapravy topen\u00ed.<\/p>\n<p>Prvn\u00ed dv\u011b listopadov\u00e9 soboty pat\u0159ily <strong>pokra\u010dov\u00e1n\u00ed <\/strong><a href=\"\/es\/blog\/2011\/12\/04\/prace-s-ohnem\/\">workshopu Pr\u00e1ce s ohn\u011bm<\/a>, v\u00a0ned\u011bli 13. listopadu prob\u011bhl dal\u0161\u00ed semin\u00e1\u0159 osobn\u00ed pr\u00e1ce, tentokr\u00e1t s\u00a0t\u00e9matem <a href=\"http:\/\/komunita-cesta.webnode.cz\/news\/seminar-vnitrni-pruvodce\/\">Vnit\u0159n\u00ed pr\u016fvodce<\/a>. Prodlou\u017een\u00fd sv\u00e1te\u010dn\u00ed v\u00edkend 17. a\u017e 20. listopadu pat\u0159il pr\u00e1ci a organizov\u00e1n\u00ed. V\u00a0r\u00e1mci aktivit Komunity pro lidsk\u00fd rozvoj se 26.-27. listopadu uskute\u010dnil <a href=\"http:\/\/www.komunita.org\/metodickyacute-seminaacute345-vyacutechovy-k-nenaacutesiliacute.html\">metodick\u00fd semin\u00e1\u0159 V\u00fdchovy k\u00a0nen\u00e1sil\u00ed<\/a> pro u\u010ditele, studenty pedagogiky a dal\u0161\u00ed z\u00e1jemce.<\/p>\n<p><strong>Postupn\u011b si projekt Park\u016f studi\u00ed a reflexe<\/strong> i p\u0159es po\u010d\u00e1te\u010dn\u00ed ned\u016fv\u011bru a ostra\u017eitost <strong>z\u00edsk\u00e1v\u00e1 p\u0159\u00edze\u0148 i mezi sousedy v\u00a0Prav\u00edkov\u011b i v\u00a0okoln\u00edch vesnic\u00edch<\/strong>. V\u00a0sobotu 3. prosince prob\u011bhne (nejen pro m\u00edstn\u00ed) <a href=\"\/es\/img\/kalendar\/2011-12-03_pravikov_den-otevrene-brany_v02.pdf\/\">\u201eOchutn\u00e1vka\u201c Parku Prav\u00edkov<\/a> \u2013 prezentace spojen\u00e1 s\u00a0mo\u017enost\u00ed si aspo\u0148 v\u00a0kr\u00e1tkosti vyzkou\u0161et, jak\u00e9 aktivity se v\u00a0Parku d\u011blaj\u00ed. Odpoledne bude n\u00e1sledovat organiza\u010dn\u00ed sch\u016fzka pro ty, kte\u0159\u00ed se budou cht\u00edt do fungov\u00e1n\u00ed a vytv\u00e1\u0159en\u00ed Parku Prav\u00edkov aktivn\u011b zapojit, a ve\u010der bude v\u011bnov\u00e1n <strong>prom\u00edt\u00e1n\u00ed dokumentu Mudrc z\u00a0And<\/strong> o argentinsk\u00e9m spisovateli a filosofovi <a href=\"http:\/\/www.silo.net\/\">Mariu R. Cobosovi (Silovi)<\/a>, zakladateli mezin\u00e1rodn\u00edho Humanistick\u00e9ho hnut\u00ed a projektu Park\u016f studi\u00ed a reflexe.<\/p>\n<p><strong>Poh\u00e1dka o kouzeln\u00e9m Parku st\u00e1le pokra\u010duje a nep\u0159ekvapuje jen lidi n\u00e1m bl\u00edzk\u00e9 i vzd\u00e1len\u00e9, ale \u010dasto i n\u00e1s sam\u00e9\u2026<\/strong><\/p>\n<p>M\u011bjte se kr\u00e1sn\u011b, p\u0159ejeme v\u00e1m dny pln\u00e9 pohody a inspirace!<\/p>\n<p><a href=\"http:\/\/email.seznam.cz\/redir?hashId=1980925699&amp;to=http%3a%2f%2fwww%2efacebook%2ecom%2fparkstudii\" target=\"_blank\">parkpravikov.cz<br \/>\nwww.facebook.com\/parkstudii<\/a><\/p>\n<blockquote><p>\u201eNep\u0159edstavuj si, \u017ee jsi tu s\u00e1m ve sv\u00e9 vesni\u010dce, ve sv\u00e9m m\u011bst\u011b, na Zemi, v\u00a0nekone\u010dn\u00fdch sv\u011btech.\u201c<\/p>\n<p>&#8211; Silo<\/p><\/blockquote>","protected":false},"excerpt":{"rendered":"<p>Mil\u00ed p\u0159\u00e1tel\u00e9, jak jsme v\u00e1m sl\u00edbili v\u00a0\u00favodn\u00ed \u010d\u00e1sti Poh\u00e1dky o kouzeln\u00e9m Parku, r\u00e1di bychom se s\u00a0v\u00e1mi pod\u011blili o pokra\u010dov\u00e1n\u00ed tohoto p\u0159\u00edb\u011bhu. Kr\u00e1tk\u00e1 intenzivn\u00ed finan\u010dn\u00ed kampa\u0148 pro dokon\u010den\u00ed prvn\u00ed f\u00e1ze rekonstrukce Parku Prav\u00edkov sice neprob\u011bhla tak docela podle pl\u00e1nu \u2013 do \u201emagick\u00e9ho\u201c data 11.11.2011 se n\u00e1m nepoda\u0159ilo sehnat 100\u00a0000 korun (od za\u010d\u00e1tku listopadu do p\u00e1tku 11. [&hellip;]<\/p>","protected":false},"author":1,"featured_media":0,"comment_status":"closed","ping_status":"closed","sticky":false,"template":"","format":"standard","meta":[],"categories":[5,4],"tags":[],"_links":{"self":[{"href":"http:\/\/parkpravikov.cz\/es\/wp-json\/wp\/v2\/posts\/148"}],"collection":[{"href":"http:\/\/parkpravikov.cz\/es\/wp-json\/wp\/v2\/posts"}],"about":[{"href":"http:\/\/parkpravikov.cz\/es\/wp-json\/wp\/v2\/types\/post"}],"author":[{"embeddable":true,"href":"http:\/\/parkpravikov.cz\/es\/wp-json\/wp\/v2\/users\/1"}],"replies":[{"embeddable":true,"href":"http:\/\/parkpravikov.cz\/es\/wp-json\/wp\/v2\/comments?post=148"}],"version-history":[{"count":6,"href":"http:\/\/parkpravikov.cz\/es\/wp-json\/wp\/v2\/posts\/148\/revisions"}],"predecessor-version":[{"id":369,"href":"http:\/\/parkpravikov.cz\/es\/wp-json\/wp\/v2\/posts\/148\/revisions\/369"}],"wp:attachment":[{"href":"http:\/\/parkpravikov.cz\/es\/wp-json\/wp\/v2\/media?parent=148"}],"wp:term":[{"taxonomy":"category","embeddable":true,"href":"http:\/\/parkpravikov.cz\/es\/wp-json\/wp\/v2\/categories?post=148"},{"taxonomy":"post_tag","embeddable":true,"href":"http:\/\/parkpravikov.cz\/es\/wp-json\/wp\/v2\/tags?post=148"}],"curies":[{"name":"wp","href":"https:\/\/api.w.org\/{rel}","templated":true}]}}