{"id":142,"date":"2011-11-29T16:19:01","date_gmt":"2011-11-29T15:19:01","guid":{"rendered":"\/?p=142"},"modified":"2012-12-31T01:18:28","modified_gmt":"2012-12-31T00:18:28","slug":"pohadka-o-kouzelnem-parku-dil-prvni","status":"publish","type":"post","link":"http:\/\/parkpravikov.cz\/es\/pohadka-o-kouzelnem-parku-dil-prvni\/","title":{"rendered":"Poh\u00e1dka o kouzeln\u00e9m Parku, d\u00edl prvn\u00ed"},"content":{"rendered":"<p>Mil\u00ed p\u0159\u00e1tel\u00e9,<\/p>\n<p>je n\u00e1m jasn\u00e9, \u017ee i mnoho z V\u00e1s se (nejsp\u00ed\u0161 nedobrovoln\u011b) nechalo nakazit virem sp\u011bchu, ale cht\u011bli bychom V\u00e1m vypr\u00e1v\u011bt poh\u00e1dku. A to nav\u00edc velmi zvl\u00e1\u0161tn\u00ed poh\u00e1dku \u2013 nen\u00ed toti\u017e vymy\u0161len\u00e1, skute\u010dn\u011b se stala a d\u00e1l se d\u011bje. A co v\u00edc, Vy se m\u016f\u017eete st\u00e1t jej\u00ed sou\u010d\u00e1st\u00ed. Tak se na chvilku pohodln\u011b usa\u010fte a v\u011bnujte p\u00e1r minut \u010dten\u00ed, pros\u00edm&#8230;<!--more--><\/p>\n<p>Bylo nebylo&#8230; na za\u010d\u00e1tku nebylo nic. Jen p\u00e1r kamar\u00e1d\u016f, kte\u0159\u00ed se nechali inspirovat m\u00edsty, kter\u00e1 vznikala <a href=\"\/es\/parky-ve-svete\/\">jinde po sv\u011bt\u011b<\/a>, v\u00a0dalek\u00fdch i bl\u00edzk\u00fdch zem\u00edch. Byla to m\u00edsta, kam se lid\u00e9 vyd\u00e1vali studovat, meditovat, setk\u00e1vat se s\u00a0jin\u00fdmi takov\u00fdmi \u201educhovn\u00edmi poutn\u00edky\u201c, hledat to nejlep\u0161\u00ed v\u00a0sob\u011b i v\u00a0ostatn\u00edch.<\/p>\n<p>A p\u0159esto\u017ee doba a mocn\u00ed v\u00a0\u010desk\u00e9 zemi zrovna nep\u0159\u00e1li velk\u00fdm \u201epoh\u00e1dkov\u00fdm\u201c ide\u00e1l\u016fm l\u00e1sky, dobroty, m\u00edru, soucitu a moudrosti a p\u0159esto\u017ee pro mnoh\u00e9 bylo t\u011bchto p\u00e1r sn\u00edlk\u016f jen bl\u00e1zny, nevzdali se, nedali se odradit ned\u016fv\u011brou, p\u0159ek\u00e1\u017ekami a protivenstv\u00edmi&#8230;<\/p>\n<p>&#8230;a <strong>v\u00a0\u010dervnu 2011 za\u010dal vznikat <a href=\"\/es\/parky-studii-a-reflexe\/o-parku\/\">prvn\u00ed Park studi\u00ed a reflexe v \u010cR<\/a> <\/strong>v\u00a0malebn\u00e9 vesni\u010dce <strong>Prav\u00edkov<\/strong>. Postupn\u011b p\u0159ib\u00fdvalo t\u011bch, kte\u0159\u00ed se na vytv\u00e1\u0159en\u00ed tohoto kouzeln\u00e9ho m\u00edsta pod\u00edleli, podporovali ho finan\u010dn\u011b, svou energi\u00ed, radami, schopnostmi a zkr\u00e1tka a dob\u0159e svou p\u0159\u00edtomnost\u00ed.<\/p>\n<p>Po intenzivn\u00edm pracovn\u00edm l\u00e9t\u011b (bohatou fotodokumentaci si m\u016f\u017eete <a href=\"http:\/\/parkpravikov.cz\/es\/media\/galerie\/?album=PracovniLeto2011\/\">prohl\u00e9dnout zde<\/a>), kdy se \u010distilo, stav\u011blo, malovalo, opravovalo, vylep\u0161ovalo, vybavovalo&#8230;, se poda\u0159ilo zprovoznit <strong>prvn\u00ed d\u016fm, Centrum pr\u00e1ce, s\u00a0kuchyn\u00ed, j\u00eddelnou, dv\u011bma koupelnami, lo\u017enic\u00ed s\u00a0p\u011bti palandami a s\u00e1lem na sch\u016fzky a semin\u00e1\u0159e pro 20 lid\u00ed<\/strong>.<\/p>\n<p>Od z\u00e1\u0159\u00ed u\u017e tedy kone\u010dn\u011b mohl Park Prav\u00edkov slou\u017eit tomu, \u010demu slou\u017eit m\u00e1 \u2013 semin\u00e1\u0159\u016fm, workshop\u016fm, meditac\u00edm, studiu. Krom\u011b <a href=\"http:\/\/parkpravikov.cz\/es\/media\/galerie\/?album=SlavnostniOtevreniParkuPublicOpeningOfThePark\/\">velk\u00e9ho slavnostn\u00edho otev\u0159en\u00ed<\/a>, kter\u00e9 se konalo o prvn\u00edm \u0159\u00edjnov\u00e9m v\u00edkendu, prob\u011bhly nap\u0159\u00edklad semin\u00e1\u0159e Usm\u00ed\u0159en\u00ed a Propojen\u00ed se Silou nebo workshop Ohe\u0148 \u017eivota \u2013 udr\u017eov\u00e1n\u00ed ohn\u011b; chystaj\u00ed se dal\u0161\u00ed workshopy ohn\u011b, kurz v\u00fdchovy k\u00a0nen\u00e1sil\u00ed pro u\u010ditele a dal\u0161\u00ed zaj\u00edmav\u00e9 akce.<\/p>\n<p>To byly ale jen prvn\u00ed kroky na dlouh\u00e9 cest\u011b k\u00a0tomu, aby byl Park studi\u00ed a reflexe v\u00a0Prav\u00edkov\u011b takov\u00fd, jak\u00fd bychom ho cht\u011bli m\u00edt. Teprve po <strong>dokon\u010den\u00ed prvn\u00ed f\u00e1ze rekonstrukce<\/strong> se budeme moci pustit do dal\u0161\u00edch \u00faprav Parku. <a href=\"http:\/\/parkpravikov.cz\/es\/parky-studii-a-reflexe\/rozvoj-parku\/\">Pl\u00e1novan\u00fd postup prac\u00ed si m\u016f\u017eete prohl\u00e9dnout zde.<\/a><\/p>\n<p>Abychom dokon\u010dili tuto prvn\u00ed f\u00e1zi, <strong>pot\u0159ebujeme do 11.11.2011 sehnat minim\u00e1ln\u011b 100\u00a0000 korun<\/strong>. Tyto pen\u00edze budou pou\u017eity na vy\u010di\u0161t\u011bn\u00ed b\u00fdval\u00e9ho krav\u00edna (budouc\u00edho multifunk\u010dn\u00edho s\u00e1lu), zakryt\u00ed st\u0159echy krav\u00edna, dokon\u010den\u00ed p\u0159ipojen\u00ed k\u00a0obecn\u00edmu vodovodu, (snad) posledn\u00ed \u00fapravy kotle a topen\u00ed a vytvo\u0159en\u00ed d\u00edlen pro pr\u00e1ci s\u00a0kovy, keramikou a dal\u0161\u00edmi materi\u00e1ly.<\/p>\n<p><strong>Sv\u00e9 p\u0159\u00edsp\u011bvky m\u016f\u017eete pos\u00edlat na <a href=\"https:\/\/www.fio.cz\/scgi-bin\/hermes\/dz-transparent.cgi?ID_ucet=2500074734\">\u00fa\u010det 2500074734\/2010<\/a><\/strong>. Pom\u016f\u017ee jak\u00fdkoli dar a samoz\u0159ejm\u011b i to, kdy\u017e tuto zpr\u00e1vu roz\u0161\u00ed\u0159\u00edte mezi sv\u00e9 p\u0159\u00e1tele a zn\u00e1m\u00e9. Takto se i Vy m\u016f\u017eete zapojit do poh\u00e1dky o kouzeln\u00e9m Parku. Dok\u00e1\u017eeme cokoli, sta\u010d\u00ed v\u011b\u0159it a nevzdat se.<\/p>\n<p>Pr\u016fb\u011b\u017en\u011b V\u00e1s budeme informovat o tom, jak na \u00fa\u010dtu p\u0159ib\u00fdvaj\u00ed pen\u00edzky a co u\u017e za n\u011b zvl\u00e1dneme po\u0159\u00eddit.<\/p>\n<p>M\u011bjte se kr\u00e1sn\u011b, p\u0159ejeme V\u00e1m dny pln\u00e9 radosti a inspirace!<\/p>\n<p><a href=\"http:\/\/www.facebook.com\/parkstudii\">parkpravikov.cz<br \/>\nwww.facebook.com\/parkstudii<\/a><\/p>\n<div>\n<div>\n<div>\n<div>\n<div>\n<div>\n<div>\n<div>\n<div>\n<blockquote><p><em>\u201eMiluj skute\u010dnost, kterou vytv\u00e1\u0159\u00ed\u0161, a ani smrt nezastav\u00ed tv\u016fj let.\u201c &#8211; Silo<\/em><\/p><\/blockquote>\n<\/div>\n<\/div>\n<\/div>\n<\/div>\n<\/div>\n<\/div>\n<\/div>\n<\/div>\n<\/div>","protected":false},"excerpt":{"rendered":"<p>Mil\u00ed p\u0159\u00e1tel\u00e9, je n\u00e1m jasn\u00e9, \u017ee i mnoho z V\u00e1s se (nejsp\u00ed\u0161 nedobrovoln\u011b) nechalo nakazit virem sp\u011bchu, ale cht\u011bli bychom V\u00e1m vypr\u00e1v\u011bt poh\u00e1dku. A to nav\u00edc velmi zvl\u00e1\u0161tn\u00ed poh\u00e1dku \u2013 nen\u00ed toti\u017e vymy\u0161len\u00e1, skute\u010dn\u011b se stala a d\u00e1l se d\u011bje. A co v\u00edc, Vy se m\u016f\u017eete st\u00e1t jej\u00ed sou\u010d\u00e1st\u00ed. Tak se na chvilku pohodln\u011b usa\u010fte [&hellip;]<\/p>","protected":false},"author":1,"featured_media":0,"comment_status":"closed","ping_status":"closed","sticky":false,"template":"","format":"standard","meta":[],"categories":[5,4],"tags":[],"_links":{"self":[{"href":"http:\/\/parkpravikov.cz\/es\/wp-json\/wp\/v2\/posts\/142"}],"collection":[{"href":"http:\/\/parkpravikov.cz\/es\/wp-json\/wp\/v2\/posts"}],"about":[{"href":"http:\/\/parkpravikov.cz\/es\/wp-json\/wp\/v2\/types\/post"}],"author":[{"embeddable":true,"href":"http:\/\/parkpravikov.cz\/es\/wp-json\/wp\/v2\/users\/1"}],"replies":[{"embeddable":true,"href":"http:\/\/parkpravikov.cz\/es\/wp-json\/wp\/v2\/comments?post=142"}],"version-history":[{"count":8,"href":"http:\/\/parkpravikov.cz\/es\/wp-json\/wp\/v2\/posts\/142\/revisions"}],"predecessor-version":[{"id":1405,"href":"http:\/\/parkpravikov.cz\/es\/wp-json\/wp\/v2\/posts\/142\/revisions\/1405"}],"wp:attachment":[{"href":"http:\/\/parkpravikov.cz\/es\/wp-json\/wp\/v2\/media?parent=142"}],"wp:term":[{"taxonomy":"category","embeddable":true,"href":"http:\/\/parkpravikov.cz\/es\/wp-json\/wp\/v2\/categories?post=142"},{"taxonomy":"post_tag","embeddable":true,"href":"http:\/\/parkpravikov.cz\/es\/wp-json\/wp\/v2\/tags?post=142"}],"curies":[{"name":"wp","href":"https:\/\/api.w.org\/{rel}","templated":true}]}}