{"id":1357,"date":"2012-12-20T12:28:54","date_gmt":"2012-12-20T11:28:54","guid":{"rendered":"\/?p=1357"},"modified":"2012-12-20T12:28:56","modified_gmt":"2012-12-20T11:28:56","slug":"vikend-inspirace-a-radosti-v-parku-pravikov","status":"publish","type":"post","link":"http:\/\/parkpravikov.cz\/es\/vikend-inspirace-a-radosti-v-parku-pravikov\/","title":{"rendered":"V\u00edkend inspirace a radosti v Parku Prav\u00edkov"},"content":{"rendered":"<p><a href=\"\/es\/blog\/2012\/12\/20\/vikend-inspirace-a-radosti-v-parku-pravikov\/309205_533761253309185_144787125_n\/\" rel=\"attachment wp-att-1358\"><img loading=\"lazy\" class=\"alignleft size-thumbnail wp-image-1358\" src=\"\/wp-content\/uploads\/2012\/12\/309205_533761253309185_144787125_n-150x227.jpg\" alt=\"\" width=\"150\" height=\"227\" \/><\/a><strong>6. ledna 2013<\/strong> uplyne 75 let od <strong>narozen\u00ed <a title=\"Silo\" href=\"http:\/\/parkpravikov.cz\/es\/knihovna\/silo\/\">Maria R. Cobose (Sila)<\/a><\/strong>, zakladatele Humanistick\u00e9ho hnut\u00ed a my\u0161lenkov\u00e9ho otce a inici\u00e1tora projektu Park\u016f studi\u00ed a reflexe.<\/p>\n<p>Spole\u010dn\u011b toto v\u00fdro\u010d\u00ed oslav\u00edme <strong>V\u00edkendem inspirace a radosti v Parku Prav\u00edkov<\/strong>, p\u0159ipomeneme si Silovo d\u00edlo a jeho projevy, m\u016f\u017eeme si ud\u011blat symbolick\u00e9 ceremonie, v\u011bnovat se hlub\u0161\u00edmu studiu, reflexi, meditaci&#8230;<!--more--><\/p>\n<p>V\u00edkend bude hodn\u011b voln\u00fd. Z\u00e1le\u017e\u00ed hlavn\u011b na chuti p\u0159\u00edtomn\u00fdch.<\/p>\n<p>Bli\u017e\u0161\u00ed informace a rezervace m\u00edst na span\u00ed v Parku: Petra Duhajsk\u00e1 (724 595 639, peta.duhajska@gmail.com).<\/p>","protected":false},"excerpt":{"rendered":"<p>6. ledna 2013 uplyne 75 let od narozen\u00ed Maria R. Cobose (Sila), zakladatele Humanistick\u00e9ho hnut\u00ed a my\u0161lenkov\u00e9ho otce a inici\u00e1tora projektu Park\u016f studi\u00ed a reflexe. Spole\u010dn\u011b toto v\u00fdro\u010d\u00ed oslav\u00edme V\u00edkendem inspirace a radosti v Parku Prav\u00edkov, p\u0159ipomeneme si Silovo d\u00edlo a jeho projevy, m\u016f\u017eeme si ud\u011blat symbolick\u00e9 ceremonie, v\u011bnovat se hlub\u0161\u00edmu studiu, reflexi, meditaci&#8230;<\/p>","protected":false},"author":25,"featured_media":0,"comment_status":"closed","ping_status":"closed","sticky":false,"template":"","format":"standard","meta":[],"categories":[6,4],"tags":[],"_links":{"self":[{"href":"http:\/\/parkpravikov.cz\/es\/wp-json\/wp\/v2\/posts\/1357"}],"collection":[{"href":"http:\/\/parkpravikov.cz\/es\/wp-json\/wp\/v2\/posts"}],"about":[{"href":"http:\/\/parkpravikov.cz\/es\/wp-json\/wp\/v2\/types\/post"}],"author":[{"embeddable":true,"href":"http:\/\/parkpravikov.cz\/es\/wp-json\/wp\/v2\/users\/25"}],"replies":[{"embeddable":true,"href":"http:\/\/parkpravikov.cz\/es\/wp-json\/wp\/v2\/comments?post=1357"}],"version-history":[{"count":3,"href":"http:\/\/parkpravikov.cz\/es\/wp-json\/wp\/v2\/posts\/1357\/revisions"}],"predecessor-version":[{"id":1361,"href":"http:\/\/parkpravikov.cz\/es\/wp-json\/wp\/v2\/posts\/1357\/revisions\/1361"}],"wp:attachment":[{"href":"http:\/\/parkpravikov.cz\/es\/wp-json\/wp\/v2\/media?parent=1357"}],"wp:term":[{"taxonomy":"category","embeddable":true,"href":"http:\/\/parkpravikov.cz\/es\/wp-json\/wp\/v2\/categories?post=1357"},{"taxonomy":"post_tag","embeddable":true,"href":"http:\/\/parkpravikov.cz\/es\/wp-json\/wp\/v2\/tags?post=1357"}],"curies":[{"name":"wp","href":"https:\/\/api.w.org\/{rel}","templated":true}]}}