{"id":1276,"date":"2012-10-23T14:12:00","date_gmt":"2012-10-23T12:12:00","guid":{"rendered":"\/?p=1276"},"modified":"2012-11-07T21:39:04","modified_gmt":"2012-11-07T20:39:04","slug":"vikendovy-seminar-usmireni","status":"publish","type":"post","link":"http:\/\/parkpravikov.cz\/es\/vikendovy-seminar-usmireni\/","title":{"rendered":"V\u00edkendov\u00fd semin\u00e1\u0159 USM\u00cd\u0158EN\u00cd"},"content":{"rendered":"<p><strong><a href=\"\/es\/blog\/2012\/10\/23\/vikendovy-seminar-usmireni\/usmireni\/\" rel=\"attachment wp-att-1303\"><img loading=\"lazy\" class=\"alignleft size-thumbnail wp-image-1303\" src=\"\/wp-content\/uploads\/2012\/10\/usm\u00ed\u0159en\u00ed-150x99.jpg\" alt=\"\" width=\"150\" height=\"99\" \/><\/a>HLUBOK\u00c9 VNIT\u0158N\u00cd USM\u00cd\u0158EN\u00cd<br \/>\n<\/strong><br \/>\n<strong><a href=\"http:\/\/www.komunita.org\">Komunita pro lidsk\u00fd rozvoj<\/a><\/strong> v\u00e1s srde\u010dn\u011b zve na <strong>v\u00edkendov\u00fd semin\u00e1\u0159<\/strong> na t\u00e9ma <strong>usm\u00ed\u0159en\u00ed<\/strong>.<\/p>\n<p>Studium, \u010detba, video, osobn\u00ed reflexe, pr\u00e1ce ve skupin\u00e1ch, relaxace a meditace formou \u0159\u00edzen\u00fdch z\u00e1\u017eitk\u016f, pr\u00e1ce s p\u0159edstavami, cvi\u010den\u00ed na zm\u011bnu \u00fahlu pohledu\u2026\u00a0V\u011bnuj si v\u00edkend na hlubok\u00e9 vnit\u0159n\u00ed z\u00e1\u017eitky, kter\u00e9 ti pomohou na cest\u011b k sebeosvobozen\u00ed.<\/p>\n<p><!--more--><\/p>\n<p>Semin\u00e1\u0159 <strong>za\u010d\u00edn\u00e1<\/strong> v sobotu <strong>3. listopadu v 10 hodin<\/strong> a <strong>kon\u010d\u00ed<\/strong> v ned\u011bli <strong>4. listopadu kolem t\u0159et\u00ed odpoledne<\/strong>.<br \/>\nSemin\u00e1\u0159 je bezplatn\u00fd \u2013 ka\u017ed\u00fd si plat\u00ed jen dopravu (vlastn\u00ed), p\u0159\u00edsp\u011bvek na provoz Parku (150,- K\u010d za noc) a j\u00eddlo (100,- K\u010d za den).<br \/>\n<strong>Kv\u016fli organizaci je nutn\u00e9 se registrovat p\u0159edem!<\/strong><\/p>\n<p>Kontakt a registrace: Daniela Cachov\u00e1 (bedy.ns@seznam.cz, 724 785 876), Simona He\u0159tusov\u00e1 (simona.hertusova@adopceafrika.cz, 608 301 270).<\/p>\n<p>Komunita pro lidsk\u00fd rozvoj<br \/>\n<a href=\"http:\/\/www.komunita.org\">www.komunita.org<\/a><\/p>\n<p>Pozv\u00e1nka ve form\u00e1tu pdf:\u00a0<a href=\"\/es\/blog\/2012\/10\/23\/vikendovy-seminar-usmireni\/seminar-usmireni_kplr_11-2012x\/\" rel=\"attachment wp-att-1314\">semin\u00e1\u0159 usm\u00ed\u0159en\u00ed_kplr_11.2012x<\/a><\/p>","protected":false},"excerpt":{"rendered":"<p>HLUBOK\u00c9 VNIT\u0158N\u00cd USM\u00cd\u0158EN\u00cd Komunita pro lidsk\u00fd rozvoj v\u00e1s srde\u010dn\u011b zve na v\u00edkendov\u00fd semin\u00e1\u0159 na t\u00e9ma usm\u00ed\u0159en\u00ed. Studium, \u010detba, video, osobn\u00ed reflexe, pr\u00e1ce ve skupin\u00e1ch, relaxace a meditace formou \u0159\u00edzen\u00fdch z\u00e1\u017eitk\u016f, pr\u00e1ce s p\u0159edstavami, cvi\u010den\u00ed na zm\u011bnu \u00fahlu pohledu\u2026\u00a0V\u011bnuj si v\u00edkend na hlubok\u00e9 vnit\u0159n\u00ed z\u00e1\u017eitky, kter\u00e9 ti pomohou na cest\u011b k sebeosvobozen\u00ed.<\/p>","protected":false},"author":25,"featured_media":0,"comment_status":"closed","ping_status":"closed","sticky":false,"template":"","format":"standard","meta":[],"categories":[6,4],"tags":[],"_links":{"self":[{"href":"http:\/\/parkpravikov.cz\/es\/wp-json\/wp\/v2\/posts\/1276"}],"collection":[{"href":"http:\/\/parkpravikov.cz\/es\/wp-json\/wp\/v2\/posts"}],"about":[{"href":"http:\/\/parkpravikov.cz\/es\/wp-json\/wp\/v2\/types\/post"}],"author":[{"embeddable":true,"href":"http:\/\/parkpravikov.cz\/es\/wp-json\/wp\/v2\/users\/25"}],"replies":[{"embeddable":true,"href":"http:\/\/parkpravikov.cz\/es\/wp-json\/wp\/v2\/comments?post=1276"}],"version-history":[{"count":16,"href":"http:\/\/parkpravikov.cz\/es\/wp-json\/wp\/v2\/posts\/1276\/revisions"}],"predecessor-version":[{"id":1327,"href":"http:\/\/parkpravikov.cz\/es\/wp-json\/wp\/v2\/posts\/1276\/revisions\/1327"}],"wp:attachment":[{"href":"http:\/\/parkpravikov.cz\/es\/wp-json\/wp\/v2\/media?parent=1276"}],"wp:term":[{"taxonomy":"category","embeddable":true,"href":"http:\/\/parkpravikov.cz\/es\/wp-json\/wp\/v2\/categories?post=1276"},{"taxonomy":"post_tag","embeddable":true,"href":"http:\/\/parkpravikov.cz\/es\/wp-json\/wp\/v2\/tags?post=1276"}],"curies":[{"name":"wp","href":"https:\/\/api.w.org\/{rel}","templated":true}]}}