{"id":1263,"date":"2012-09-20T19:03:40","date_gmt":"2012-09-20T17:03:40","guid":{"rendered":"\/?p=1263"},"modified":"2012-12-31T01:13:42","modified_gmt":"2012-12-31T00:13:42","slug":"duchovno-a-osobni-spiritualni-zkusenost-v-umeni","status":"publish","type":"post","link":"http:\/\/parkpravikov.cz\/es\/duchovno-a-osobni-spiritualni-zkusenost-v-umeni\/","title":{"rendered":"Duchovno a osobn\u00ed spiritu\u00e1ln\u00ed zku\u0161enost v um\u011bn\u00ed"},"content":{"rendered":"<p><strong><a href=\"\/es\/blog\/2012\/09\/20\/duchovno-a-osobni-spiritualni-zkusenost-v-umeni\/pozvanka_umeni\/\" rel=\"attachment wp-att-1265\"><img loading=\"lazy\" class=\"alignleft size-thumbnail wp-image-1265\" src=\"\/wp-content\/uploads\/2012\/09\/pozv\u00e1nka_um\u011bn\u00ed-150x103.jpg\" alt=\"\" width=\"150\" height=\"103\" \/><\/a><a href=\"http:\/\/www.facebook.com\/CHSInspirace\">Centrum humanistick\u00fdch studi\u00ed Inspirace<\/a><\/strong> v\u00e1s srde\u010dn\u011b zve na <strong>v\u00edkendov\u00fd workshop<\/strong> s t\u00e9matem <strong>Duchovno a osobn\u00ed spiritu\u00e1ln\u00ed zku\u0161enost v um\u011bn\u00ed<\/strong>, kter\u00fd se uskute\u010dn\u00ed o v\u00edkendu 29. a\u017e 30. z\u00e1\u0159\u00ed v Parku studi\u00ed a reflexe Prav\u00edkov. Za\u010d\u00ednat budeme v sobotu v 10 hodin a skon\u010d\u00edme v ned\u011bli v podve\u010der (cca kolem 18. hodiny).<!--more--><\/p>\n<p><em>Co je um\u011bn\u00ed? Co v n\u00e1s probouz\u00ed? Jak\u00fdm zp\u016fsobem se dot\u00fdk\u00e1 na\u0161eho nitra? M\u016f\u017ee n\u00e1m zm\u011bnit \u017eivot? Odkud p\u0159ich\u00e1z\u00ed inspirace? Jak\u00e9 povahy jsou na\u0161e pro\u017eitky vyvolan\u00e9 um\u011bleck\u00fdmi d\u00edly? Co v n\u00e1s vyvol\u00e1v\u00e1 na\u0161e vlastn\u00ed um\u011bleck\u00e1 \u010dinnost?<\/em><\/p>\n<p>Na tyto a dal\u0161\u00ed ot\u00e1zky budeme spole\u010dn\u011b i sami v sob\u011b hledat odpov\u011bdi formou diskus\u00ed, pr\u00e1ce ve skupink\u00e1ch, individu\u00e1ln\u00ed reflexe, pr\u00e1ce s p\u0159edstavami, prom\u00edt\u00e1n\u00ed vide\u00ed, \u010dten\u00ed a studia zaj\u00edmav\u00fdch text\u016f, r\u016fzn\u00fdch praktick\u00fdch cvi\u010den\u00ed spojen\u00fdch s v\u00fdtvarn\u00fdm um\u011bn\u00edm, hudbou, literaturou&#8230; Program workshopu je mo\u017en\u00e9 pru\u017en\u011b p\u0159izp\u016fsobovat p\u0159\u00e1n\u00edm a p\u0159edstav\u00e1m \u00fa\u010dastn\u00edk\u016f.<\/p>\n<p><em>\u201eExistuj\u00ed zku\u0161enosti, kter\u00e9 dok\u00e1\u017eou zm\u011bnit v\u00e1\u0161 \u017eivot.\u00a0Mo\u017en\u00e1 to bude n\u011bco, co v\u00e1s nav\u0161t\u00edv\u00ed ve snech, mo\u017en\u00e1 se zamilujete nebo t\u0159eba za\u017eijete neo\u010dek\u00e1van\u00e9 prohl\u00e9dnut\u00ed.<\/em><br \/>\n<em>&#8230;<\/em><br \/>\n<em>Mus\u00edte za\u010d\u00edt stav\u011bt na zku\u0161enosti, kter\u00e1 v\u00e1s prom\u011b\u0148uje,\u00a0kter\u00e1 v\u00e1m otev\u00edr\u00e1 nov\u00e9 horizonty.\u00a0Bez t\u00e9to zku\u0161enosti budete st\u00e1le chodit v za\u010darovan\u00e9m kruhu.\u00a0Je to pr\u00e1v\u011b tato transformuj\u00edc\u00ed zku\u0161enost, o kter\u00e9 st\u00e1le mluv\u00edme.\u00a0Zku\u0161enost, kter\u00e1 v\u00e1s zbavuje strachu, kter\u00e1 v\u00e1s zbavuje \u00fazkosti, kter\u00e1 v\u00e1s zbavuje uzav\u0159en\u00e9 budoucnosti.\u201c<br \/>\n&#8211; Silo (dokument Mudrc z And)\u00a0<\/em><\/p>\n<p>Semin\u00e1\u0159 je bezplatn\u00fd, ka\u017ed\u00fd \u00fa\u010dastn\u00edk si hrad\u00ed pouze n\u00e1klady na pou\u017eit\u00e9 materi\u00e1ly (maxim\u00e1ln\u011b 100,- K\u010d) a spole\u010dn\u00e9 stravov\u00e1n\u00ed (100,- K\u010d za den). V p\u0159\u00edpad\u011b p\u0159esp\u00e1n\u00ed v Parku (k dispozici je 10 m\u00edst v jedn\u00e9 m\u00edstnosti, je t\u0159eba si dov\u00e9zt vlastn\u00ed povle\u010den\u00ed a prost\u011bradlo) \u00a0\u00fa\u010dastn\u00edk plat\u00ed p\u0159\u00edsp\u011bvek na n\u00e1klady na provoz Parku (150,- K\u010d za noc). Je tak\u00e9 mo\u017en\u00e9 p\u0159espat v penzionu v 5 km vzd\u00e1len\u00e9 Kamenici nad Lipou.<\/p>\n<p>Rezervace e-mailem nebo telefonicky nutn\u00e1!<br \/>\nRegistrace a \u00a0p\u0159\u00edpadn\u00e9 dotazy: Petra Duhajsk\u00e1 (724 595 639, peta.duhajska@gmail.com).<\/p>","protected":false},"excerpt":{"rendered":"<p>Centrum humanistick\u00fdch studi\u00ed Inspirace v\u00e1s srde\u010dn\u011b zve na v\u00edkendov\u00fd workshop s t\u00e9matem Duchovno a osobn\u00ed spiritu\u00e1ln\u00ed zku\u0161enost v um\u011bn\u00ed, kter\u00fd se uskute\u010dn\u00ed o v\u00edkendu 29. a\u017e 30. z\u00e1\u0159\u00ed v Parku studi\u00ed a reflexe Prav\u00edkov. Za\u010d\u00ednat budeme v sobotu v 10 hodin a skon\u010d\u00edme v ned\u011bli v podve\u010der (cca kolem 18. hodiny).<\/p>","protected":false},"author":25,"featured_media":0,"comment_status":"closed","ping_status":"closed","sticky":false,"template":"","format":"standard","meta":[],"categories":[6,4],"tags":[],"_links":{"self":[{"href":"http:\/\/parkpravikov.cz\/es\/wp-json\/wp\/v2\/posts\/1263"}],"collection":[{"href":"http:\/\/parkpravikov.cz\/es\/wp-json\/wp\/v2\/posts"}],"about":[{"href":"http:\/\/parkpravikov.cz\/es\/wp-json\/wp\/v2\/types\/post"}],"author":[{"embeddable":true,"href":"http:\/\/parkpravikov.cz\/es\/wp-json\/wp\/v2\/users\/25"}],"replies":[{"embeddable":true,"href":"http:\/\/parkpravikov.cz\/es\/wp-json\/wp\/v2\/comments?post=1263"}],"version-history":[{"count":7,"href":"http:\/\/parkpravikov.cz\/es\/wp-json\/wp\/v2\/posts\/1263\/revisions"}],"predecessor-version":[{"id":1381,"href":"http:\/\/parkpravikov.cz\/es\/wp-json\/wp\/v2\/posts\/1263\/revisions\/1381"}],"wp:attachment":[{"href":"http:\/\/parkpravikov.cz\/es\/wp-json\/wp\/v2\/media?parent=1263"}],"wp:term":[{"taxonomy":"category","embeddable":true,"href":"http:\/\/parkpravikov.cz\/es\/wp-json\/wp\/v2\/categories?post=1263"},{"taxonomy":"post_tag","embeddable":true,"href":"http:\/\/parkpravikov.cz\/es\/wp-json\/wp\/v2\/tags?post=1263"}],"curies":[{"name":"wp","href":"https:\/\/api.w.org\/{rel}","templated":true}]}}