{"id":1242,"date":"2012-09-18T09:30:33","date_gmt":"2012-09-18T07:30:33","guid":{"rendered":"\/?p=1242"},"modified":"2012-09-18T09:30:45","modified_gmt":"2012-09-18T07:30:45","slug":"spolecna-podzimni-zadost-za-inspiraci-a-hlubokou-zmenu","status":"publish","type":"post","link":"http:\/\/parkpravikov.cz\/es\/spolecna-podzimni-zadost-za-inspiraci-a-hlubokou-zmenu\/","title":{"rendered":"Spole\u010dn\u00e1 \u017e\u00e1dost za inspiraci, s\u00edlu a vnit\u0159n\u00ed jednotu"},"content":{"rendered":"<p><a href=\"\/es\/blog\/2012\/09\/18\/spolecna-podzimni-zadost-za-inspiraci-a-hlubokou-zmenu\/sal-slunce\/\" rel=\"attachment wp-att-1255\"><img loading=\"lazy\" class=\"alignleft size-thumbnail wp-image-1255\" src=\"\/wp-content\/uploads\/2012\/09\/sal-slunce-150x112.jpg\" alt=\"\" width=\"150\" height=\"112\" \/><\/a><strong>SPOLE\u010cN\u00c1 \u017d\u00c1DOST<\/strong><br \/>\nza inspiraci, s\u00edlu a vnit\u0159n\u00ed jednotu<\/p>\n<p><em>\u201eExistuj\u00ed oblasti mysli, kter\u00e9 maj\u00ed speci\u00e1ln\u00ed v\u00fdznam, a kdy\u017e s nimi vstoup\u00edme do kontaktu,<\/em>\u00a0<em>vytvo\u0159\u00ed to hlubok\u00e9 vnit\u0159n\u00ed dojet\u00ed, p\u0159in\u00e1\u0161\u00ed to inspirovan\u00e9 odpov\u011bdi a uvol\u0148uj\u00ed se velk\u00e9 s\u00edly. Vytr\u017een\u00ed<\/em>\u00a0<em>zamilovan\u00fdch, inspirace um\u011blc\u016f a ext\u00e1ze mystiku maj\u00ed spole\u010dn\u00fd pramen v t\u00e9to hloubce mysli.\u201c<\/em><\/p>\n<p><strong>sobota 22. z\u00e1\u0159\u00ed 2012 14 h.<\/strong><br \/>\nParky studi\u00ed a reflexe Prav\u00edkov<!--more--><\/p>\n<p>Setk\u00e1n\u00ed u p\u0159\u00edle\u017eitosti podzimn\u00ed rovnodennosti se spole\u010dnou \u017e\u00e1dost\u00ed za inspiraci vedouc\u00ed k tomu, co\u00a0skute\u010dn\u011b pot\u0159ebujeme, za s\u00edlu pro n\u00e1s i na\u0161e bl\u00edzk\u00e9, aby byl n\u00e1\u0161 \u017eivot v jednot\u011b a vzd\u00e1lili jsme se od\u00a0v\u0161eho, co n\u00e1m zp\u016fsobuje zmatek a rozpory.<\/p>\n<p><em>\u201eP\u0159eru\u0161it na okam\u017eik to, co se ve tv\u00e9m \u017eivot\u011b d\u011bje, sta\u010d\u00ed k tomu, aby ses spojil se sv\u00fdm nitrem a aby se\u00a0pocity a my\u0161lenky vyjasnily.\u201c<\/em><\/p>\n<p>V Parku Prav\u00edkov nebo v bl\u00edzk\u00e9m penzionu lze p\u0159espat, m\u00edsta na span\u00ed je t\u0159eba rezervovat p\u0159edem na\u00a0tel. 775 406 297 nebo emailu toni@volny.cz.<\/p>","protected":false},"excerpt":{"rendered":"<p>SPOLE\u010cN\u00c1 \u017d\u00c1DOST za inspiraci, s\u00edlu a vnit\u0159n\u00ed jednotu \u201eExistuj\u00ed oblasti mysli, kter\u00e9 maj\u00ed speci\u00e1ln\u00ed v\u00fdznam, a kdy\u017e s nimi vstoup\u00edme do kontaktu,\u00a0vytvo\u0159\u00ed to hlubok\u00e9 vnit\u0159n\u00ed dojet\u00ed, p\u0159in\u00e1\u0161\u00ed to inspirovan\u00e9 odpov\u011bdi a uvol\u0148uj\u00ed se velk\u00e9 s\u00edly. Vytr\u017een\u00ed\u00a0zamilovan\u00fdch, inspirace um\u011blc\u016f a ext\u00e1ze mystiku maj\u00ed spole\u010dn\u00fd pramen v t\u00e9to hloubce mysli.\u201c sobota 22. z\u00e1\u0159\u00ed 2012 14 h. Parky [&hellip;]<\/p>","protected":false},"author":25,"featured_media":0,"comment_status":"closed","ping_status":"closed","sticky":false,"template":"","format":"standard","meta":[],"categories":[6,4],"tags":[],"_links":{"self":[{"href":"http:\/\/parkpravikov.cz\/es\/wp-json\/wp\/v2\/posts\/1242"}],"collection":[{"href":"http:\/\/parkpravikov.cz\/es\/wp-json\/wp\/v2\/posts"}],"about":[{"href":"http:\/\/parkpravikov.cz\/es\/wp-json\/wp\/v2\/types\/post"}],"author":[{"embeddable":true,"href":"http:\/\/parkpravikov.cz\/es\/wp-json\/wp\/v2\/users\/25"}],"replies":[{"embeddable":true,"href":"http:\/\/parkpravikov.cz\/es\/wp-json\/wp\/v2\/comments?post=1242"}],"version-history":[{"count":4,"href":"http:\/\/parkpravikov.cz\/es\/wp-json\/wp\/v2\/posts\/1242\/revisions"}],"predecessor-version":[{"id":1254,"href":"http:\/\/parkpravikov.cz\/es\/wp-json\/wp\/v2\/posts\/1242\/revisions\/1254"}],"wp:attachment":[{"href":"http:\/\/parkpravikov.cz\/es\/wp-json\/wp\/v2\/media?parent=1242"}],"wp:term":[{"taxonomy":"category","embeddable":true,"href":"http:\/\/parkpravikov.cz\/es\/wp-json\/wp\/v2\/categories?post=1242"},{"taxonomy":"post_tag","embeddable":true,"href":"http:\/\/parkpravikov.cz\/es\/wp-json\/wp\/v2\/tags?post=1242"}],"curies":[{"name":"wp","href":"https:\/\/api.w.org\/{rel}","templated":true}]}}