{"id":1104,"date":"2012-05-30T16:28:35","date_gmt":"2012-05-30T14:28:35","guid":{"rendered":"\/?p=1104"},"modified":"2012-07-12T09:01:51","modified_gmt":"2012-07-12T07:01:51","slug":"akcni-letni-tyden-sveta-bez-valek-a-nasili","status":"publish","type":"post","link":"http:\/\/parkpravikov.cz\/es\/akcni-letni-tyden-sveta-bez-valek-a-nasili\/","title":{"rendered":"Ak\u010dn\u00ed letn\u00ed t\u00fdden (Sv\u011bta) bez v\u00e1lek a n\u00e1sil\u00ed"},"content":{"rendered":"<p><a href=\"\/es\/blog\/2012\/05\/30\/akcni-letni-tyden-sveta-bez-valek-a-nasili\/526270_364191486957844_110835488960113_1024820_10098612_n\/\" rel=\"attachment wp-att-1105\"><img loading=\"lazy\" class=\"alignleft size-thumbnail wp-image-1105\" src=\"\/wp-content\/uploads\/2012\/05\/526270_364191486957844_110835488960113_1024820_10098612_n-150x100.jpg\" alt=\"\" width=\"150\" height=\"100\" \/><\/a>Po roce v\u00e1s op\u011bt zveme na dal\u0161\u00ed letn\u00ed setk\u00e1n\u00ed organizace Sv\u011bt bez v\u00e1lek a n\u00e1sil\u00ed a jej\u00edch p\u0159\u00edznivc\u016f. Na programu budou p\u0159edn\u00e1\u0161ky (n\u00e1sledovan\u00e9 neform\u00e1ln\u00ed diskuz\u00ed) o hlavn\u00edch t\u00e9matech Sv\u011bta bez v\u00e1lek, semin\u00e1\u0159e osobn\u00edho rozvoje a ve voln\u00fdch chv\u00edl\u00edch pom\u016f\u017eeme s rekonstrukc\u00ed Parku Prav\u00edkov. P\u0159ije\u010fte na p\u00e1r dn\u00ed \u010di na cel\u00fd t\u00fdden a seznamte se s n\u00e1mi a dal\u0161\u00edmi bezva lidmi podobn\u00e9ho sm\u00fd\u0161len\u00ed.<!--more--><br \/>\n<strong>KDY<\/strong>: 30. \u010dervna a\u017e 8. \u010dervence 2012, prvn\u00ed pr\u00e1zdninov\u00fd t\u00fdden<br \/>\n<strong>KDE<\/strong>: Park studi\u00ed a reflexe Prav\u00edkov, okres Pelh\u0159imov, Vyso\u010dina<\/p>\n<p><strong>P\u0158EDB\u011a\u017dN\u00dd PROGRAM<\/strong><br \/>\n(konkr\u00e9tn\u00ed t\u00e9mata a dny budou up\u0159esn\u011bny)<\/p>\n<p><strong>Dopoledne<\/strong>: kurzy a semin\u00e1\u0159e osobn\u00edho rozvoje (nap\u0159. kurz psychofyziky, sebepozn\u00e1n\u00ed, j\u00f3ga)<\/p>\n<p><strong>Odpoledne<\/strong>: pomoc s rekonstrukc\u00ed Parku Prav\u00edkov (stavebn\u00ed a zahradn\u00ed pr\u00e1ce) \u2013 ka\u017ed\u00fd dle sv\u00fdch sil a mo\u017enost\u00ed<\/p>\n<p><strong>V podve\u010der<\/strong>: tematick\u00e9 p\u0159edn\u00e1\u0161ky a diskuse (nap\u0159. jadern\u00e9 odzbrojen\u00ed, konflikty v souvislostech), p\u0159\u00edpadn\u011b spojen\u00e9 s prom\u00edt\u00e1n\u00edm filmu<\/p>\n<p><strong>Po ve\u010de\u0159i<\/strong>: pov\u00edd\u00e1n\u00ed \ud83d\ude42<\/p>\n<p>B\u011bhem t\u00fddne je mo\u017en\u00e9 za\u0159adit tv\u016fr\u010d\u00ed d\u00edlny, keramika Raku, workshop ohn\u011b, sportovn\u00ed aktivity apod. dle z\u00e1jmu.<\/p>\n<p>Rezervace: T\u00e1\u0148a: tel. 604 983 875, Jana: tel. 775 856 879,\u00a0<a href=\"mailto:info@svetbezvalek.cz\">info@svetbezvalek.cz<\/a>.<\/p>\n<p>Bli\u017e\u0161\u00ed informace najdete p\u0159\u00edmo <a href=\"http:\/\/www.svetbezvalek.cz\/cs\/udalost\/akcni-letni-tyden-sveta-bez-valek-nasili\">na str\u00e1nk\u00e1ch Sv\u011bta bez v\u00e1lek<\/a>.<\/p>","protected":false},"excerpt":{"rendered":"<p>Po roce v\u00e1s op\u011bt zveme na dal\u0161\u00ed letn\u00ed setk\u00e1n\u00ed organizace Sv\u011bt bez v\u00e1lek a n\u00e1sil\u00ed a jej\u00edch p\u0159\u00edznivc\u016f. Na programu budou p\u0159edn\u00e1\u0161ky (n\u00e1sledovan\u00e9 neform\u00e1ln\u00ed diskuz\u00ed) o hlavn\u00edch t\u00e9matech Sv\u011bta bez v\u00e1lek, semin\u00e1\u0159e osobn\u00edho rozvoje a ve voln\u00fdch chv\u00edl\u00edch pom\u016f\u017eeme s rekonstrukc\u00ed Parku Prav\u00edkov. P\u0159ije\u010fte na p\u00e1r dn\u00ed \u010di na cel\u00fd t\u00fdden a seznamte se s [&hellip;]<\/p>","protected":false},"author":25,"featured_media":0,"comment_status":"closed","ping_status":"closed","sticky":false,"template":"","format":"standard","meta":[],"categories":[6,4],"tags":[],"_links":{"self":[{"href":"http:\/\/parkpravikov.cz\/es\/wp-json\/wp\/v2\/posts\/1104"}],"collection":[{"href":"http:\/\/parkpravikov.cz\/es\/wp-json\/wp\/v2\/posts"}],"about":[{"href":"http:\/\/parkpravikov.cz\/es\/wp-json\/wp\/v2\/types\/post"}],"author":[{"embeddable":true,"href":"http:\/\/parkpravikov.cz\/es\/wp-json\/wp\/v2\/users\/25"}],"replies":[{"embeddable":true,"href":"http:\/\/parkpravikov.cz\/es\/wp-json\/wp\/v2\/comments?post=1104"}],"version-history":[{"count":6,"href":"http:\/\/parkpravikov.cz\/es\/wp-json\/wp\/v2\/posts\/1104\/revisions"}],"predecessor-version":[{"id":1147,"href":"http:\/\/parkpravikov.cz\/es\/wp-json\/wp\/v2\/posts\/1104\/revisions\/1147"}],"wp:attachment":[{"href":"http:\/\/parkpravikov.cz\/es\/wp-json\/wp\/v2\/media?parent=1104"}],"wp:term":[{"taxonomy":"category","embeddable":true,"href":"http:\/\/parkpravikov.cz\/es\/wp-json\/wp\/v2\/categories?post=1104"},{"taxonomy":"post_tag","embeddable":true,"href":"http:\/\/parkpravikov.cz\/es\/wp-json\/wp\/v2\/tags?post=1104"}],"curies":[{"name":"wp","href":"https:\/\/api.w.org\/{rel}","templated":true}]}}