{"id":1098,"date":"2012-05-21T15:35:47","date_gmt":"2012-05-21T13:35:47","guid":{"rendered":"\/?p=1098"},"modified":"2012-05-21T15:35:47","modified_gmt":"2012-05-21T13:35:47","slug":"pripravy-na-inauguraci-prace-v-parku","status":"publish","type":"post","link":"http:\/\/parkpravikov.cz\/es\/pripravy-na-inauguraci-prace-v-parku\/","title":{"rendered":"P\u0159\u00edpravy na Inauguraci &#8211; pr\u00e1ce v Parku"},"content":{"rendered":"<p><iframe loading=\"lazy\" title=\"Park in Progress. 20.5.2012\" width=\"800\" height=\"450\" src=\"https:\/\/www.youtube.com\/embed\/zvrKailY6eM?feature=oembed\" frameborder=\"0\" allow=\"accelerometer; autoplay; clipboard-write; encrypted-media; gyroscope; picture-in-picture\" allowfullscreen><\/iframe><\/p>\n<p>I b\u011bhem v\u00edkendu 18.-20. kv\u011btna pokra\u010dovaly p\u0159\u00edpravy na <a title=\"Slavnostn\u00ed inaugurace Parku studi\u00ed a reflexe Prav\u00edkov\" href=\"\/es\/blog\/2012\/04\/08\/slavnostni-inaugurace-parku-studii-a-reflexe-pravikov\/\">Inauguraci Parku Prav\u00edkov<\/a>.<!--more--><\/p>\n<p>Neza\u010dali jsme sice \u00fapln\u011b pozitivn\u011b &#8211; \u010d\u00e1st ke\u0159\u00edk\u016f, kter\u00e9 jsme minul\u00fd t\u00fdden zasadili, sucha a mraz\u00edky nep\u0159e\u017eila, \u0161patn\u011b vypadaj\u00ed i liliovn\u00edk Radost a jinan My\u0161lenka, nav\u00edc jsme museli posunout m\u00edsto, kde bude st\u00e9la, proto\u017ee p\u0159\u00edmo pod t\u00edm p\u016fvodn\u011b vybran\u00fdm vede vodovod.<\/p>\n<p>Ale nenechali jsme se t\u011bmito nesn\u00e1zemi odradit a vytrvale pokra\u010dujeme v \u00faprav\u00e1ch Parku. B\u011bhem dvou a p\u016fl dne jsme p\u0159ipravili z\u00e1klady pro font\u00e1nu a st\u00e9lu, vykopali d\u00edru na p\u0159ipojen\u00ed obecn\u00ed vody a trochu zkr\u00e1\u0161lili studnu u p\u0159\u00edjezdov\u00e9 cesty.<\/p>\n<p>I p\u0159\u00ed\u0161t\u00ed v\u00edkend n\u00e1s \u010dek\u00e1 hodn\u011b pr\u00e1ce, doufejme, \u017ee n\u00e1m skv\u011bl\u00e1 atmosf\u00e9ra a nad\u0161en\u00ed vydr\u017e\u00ed. Ka\u017ed\u00e1 pomocn\u00e1 ruka je v\u00edtan\u00e1!<\/p>","protected":false},"excerpt":{"rendered":"<p>I b\u011bhem v\u00edkendu 18.-20. kv\u011btna pokra\u010dovaly p\u0159\u00edpravy na Inauguraci Parku Prav\u00edkov.<\/p>","protected":false},"author":25,"featured_media":0,"comment_status":"closed","ping_status":"closed","sticky":false,"template":"","format":"standard","meta":[],"categories":[5,3,4],"tags":[],"_links":{"self":[{"href":"http:\/\/parkpravikov.cz\/es\/wp-json\/wp\/v2\/posts\/1098"}],"collection":[{"href":"http:\/\/parkpravikov.cz\/es\/wp-json\/wp\/v2\/posts"}],"about":[{"href":"http:\/\/parkpravikov.cz\/es\/wp-json\/wp\/v2\/types\/post"}],"author":[{"embeddable":true,"href":"http:\/\/parkpravikov.cz\/es\/wp-json\/wp\/v2\/users\/25"}],"replies":[{"embeddable":true,"href":"http:\/\/parkpravikov.cz\/es\/wp-json\/wp\/v2\/comments?post=1098"}],"version-history":[{"count":2,"href":"http:\/\/parkpravikov.cz\/es\/wp-json\/wp\/v2\/posts\/1098\/revisions"}],"predecessor-version":[{"id":1100,"href":"http:\/\/parkpravikov.cz\/es\/wp-json\/wp\/v2\/posts\/1098\/revisions\/1100"}],"wp:attachment":[{"href":"http:\/\/parkpravikov.cz\/es\/wp-json\/wp\/v2\/media?parent=1098"}],"wp:term":[{"taxonomy":"category","embeddable":true,"href":"http:\/\/parkpravikov.cz\/es\/wp-json\/wp\/v2\/categories?post=1098"},{"taxonomy":"post_tag","embeddable":true,"href":"http:\/\/parkpravikov.cz\/es\/wp-json\/wp\/v2\/tags?post=1098"}],"curies":[{"name":"wp","href":"https:\/\/api.w.org\/{rel}","templated":true}]}}