{"id":1083,"date":"2012-05-17T14:43:53","date_gmt":"2012-05-17T12:43:53","guid":{"rendered":"\/?p=1083"},"modified":"2012-12-31T01:16:07","modified_gmt":"2012-12-31T00:16:07","slug":"vikendovy-seminar-%e2%80%9eo-tom-co-je-lidske","status":"publish","type":"post","link":"http:\/\/parkpravikov.cz\/es\/vikendovy-seminar-%e2%80%9eo-tom-co-je-lidske\/","title":{"rendered":"V\u00edkendov\u00fd semin\u00e1\u0159 \u201eO tom, co je lidsk\u00e9\u201c"},"content":{"rendered":"<p><a href=\"\/es\/blog\/2012\/05\/17\/vikendovy-seminar-%e2%80%9eo-tom-co-je-lidske\/zadost\/\" rel=\"attachment wp-att-1084\"><img loading=\"lazy\" class=\"alignleft size-thumbnail wp-image-1084\" src=\"\/wp-content\/uploads\/2012\/05\/\u017e\u00e1dost-150x200.jpg\" alt=\"\" width=\"150\" height=\"200\" \/><\/a>Komunita pro lidsk\u00fd rozvoj zve v\u0161echny z\u00e1jemce o vnit\u0159n\u00ed r\u016fst na <strong>dvoudenn\u00ed semin\u00e1\u0159 \u201eO tom, co je lidsk\u00e9\u201c<\/strong>,\u00a0b\u011bhem kter\u00e9ho se r\u016fzn\u00fdmi formami pokus\u00edme v\u00edce p\u0159ibl\u00ed\u017eit a l\u00e9pe porozum\u011bt \u010clov\u011bku a sami sob\u011b.<!--more--> Semin\u00e1\u0159 <strong>za\u010dne v sobotu 14.7. v 10 hodin<\/strong> a skon\u010d\u00ed v \u00a0ned\u011bli 15.7. v 16 hodin.<br \/>\nSemin\u00e1\u0159 je bezplatn\u00fd, ka\u017ed\u00fd \u00fa\u010dastn\u00edk si plat\u00ed dopravu a j\u00eddlo (doprava vlastn\u00ed, stravov\u00e1n\u00ed bude zaji\u0161t\u011bno spole\u010dn\u00e9 za poplatek 100,- K\u010d na den); na pokryt\u00ed n\u00e1klad\u016f na provoz Parku se vyb\u00edr\u00e1 150,- K\u010d za noc.<\/p>\n<p>Registrace: Daniela Cachov\u00e1,\u00a0<a href=\"mailto:bedy.ns@seznam.cz\">bedy.ns@seznam.cz<\/a>, tel. 724 785 876.<\/p>\n<p><a href=\"http:\/\/www.komunita.org\/\" target=\"_blank\">www.komunita.org<\/a><\/p>","protected":false},"excerpt":{"rendered":"<p>Komunita pro lidsk\u00fd rozvoj zve v\u0161echny z\u00e1jemce o vnit\u0159n\u00ed r\u016fst na dvoudenn\u00ed semin\u00e1\u0159 \u201eO tom, co je lidsk\u00e9\u201c,\u00a0b\u011bhem kter\u00e9ho se r\u016fzn\u00fdmi formami pokus\u00edme v\u00edce p\u0159ibl\u00ed\u017eit a l\u00e9pe porozum\u011bt \u010clov\u011bku a sami sob\u011b.<\/p>","protected":false},"author":25,"featured_media":0,"comment_status":"closed","ping_status":"closed","sticky":false,"template":"","format":"standard","meta":[],"categories":[6,4],"tags":[],"_links":{"self":[{"href":"http:\/\/parkpravikov.cz\/es\/wp-json\/wp\/v2\/posts\/1083"}],"collection":[{"href":"http:\/\/parkpravikov.cz\/es\/wp-json\/wp\/v2\/posts"}],"about":[{"href":"http:\/\/parkpravikov.cz\/es\/wp-json\/wp\/v2\/types\/post"}],"author":[{"embeddable":true,"href":"http:\/\/parkpravikov.cz\/es\/wp-json\/wp\/v2\/users\/25"}],"replies":[{"embeddable":true,"href":"http:\/\/parkpravikov.cz\/es\/wp-json\/wp\/v2\/comments?post=1083"}],"version-history":[{"count":8,"href":"http:\/\/parkpravikov.cz\/es\/wp-json\/wp\/v2\/posts\/1083\/revisions"}],"predecessor-version":[{"id":1387,"href":"http:\/\/parkpravikov.cz\/es\/wp-json\/wp\/v2\/posts\/1083\/revisions\/1387"}],"wp:attachment":[{"href":"http:\/\/parkpravikov.cz\/es\/wp-json\/wp\/v2\/media?parent=1083"}],"wp:term":[{"taxonomy":"category","embeddable":true,"href":"http:\/\/parkpravikov.cz\/es\/wp-json\/wp\/v2\/categories?post=1083"},{"taxonomy":"post_tag","embeddable":true,"href":"http:\/\/parkpravikov.cz\/es\/wp-json\/wp\/v2\/tags?post=1083"}],"curies":[{"name":"wp","href":"https:\/\/api.w.org\/{rel}","templated":true}]}}