{"id":103,"date":"2011-12-04T00:19:05","date_gmt":"2011-12-03T23:19:05","guid":{"rendered":"\/?p=103"},"modified":"2011-12-04T00:23:03","modified_gmt":"2011-12-03T23:23:03","slug":"leto-2011-v-parku-pravikov","status":"publish","type":"post","link":"http:\/\/parkpravikov.cz\/es\/leto-2011-v-parku-pravikov\/","title":{"rendered":"L\u00e9to 2011 v Parku Prav\u00edkov"},"content":{"rendered":"<p><iframe loading=\"lazy\" title=\"Park Studii a Reflexe Pravikov - leto 2011\" width=\"800\" height=\"600\" src=\"https:\/\/www.youtube.com\/embed\/rXNQbXcwtbw?feature=oembed\" frameborder=\"0\" allow=\"accelerometer; autoplay; clipboard-write; encrypted-media; gyroscope; picture-in-picture\" allowfullscreen><\/iframe><\/p>\n<p>V \u010dervnu 2011 byla zakoupena nemovitost v mal\u00e9 vesni\u010dce Prav\u00edkov a po m\u011bs\u00edc\u00edch intenzivn\u00ed pr\u00e1ce &#8212; ukl\u00edzen\u00ed, malov\u00e1n\u00ed, vybavov\u00e1n\u00ed, \u00faprav&#8230; &#8212; za\u010dal Park Prav\u00edkov fungovat i jako m\u00edsto pro semin\u00e1\u0159e, meditace, studium, jako m\u00edsto, kde se lid\u00e9 sna\u017e\u00ed hledat to nejlep\u0161\u00ed v sob\u011b i v ostatn\u00edch a vyza\u0159ovat tuto pozitivn\u00ed energii i do sv\u011bta kolem sebe.<\/p>","protected":false},"excerpt":{"rendered":"<p>V \u010dervnu 2011 byla zakoupena nemovitost v mal\u00e9 vesni\u010dce Prav\u00edkov a po m\u011bs\u00edc\u00edch intenzivn\u00ed pr\u00e1ce &#8212; ukl\u00edzen\u00ed, malov\u00e1n\u00ed, vybavov\u00e1n\u00ed, \u00faprav&#8230; &#8212; za\u010dal Park Prav\u00edkov fungovat i jako m\u00edsto pro semin\u00e1\u0159e, meditace, studium, jako m\u00edsto, kde se lid\u00e9 sna\u017e\u00ed hledat to nejlep\u0161\u00ed v sob\u011b i v ostatn\u00edch a vyza\u0159ovat tuto pozitivn\u00ed energii i do sv\u011bta kolem [&hellip;]<\/p>","protected":false},"author":1,"featured_media":0,"comment_status":"closed","ping_status":"closed","sticky":false,"template":"","format":"standard","meta":[],"categories":[3],"tags":[],"_links":{"self":[{"href":"http:\/\/parkpravikov.cz\/es\/wp-json\/wp\/v2\/posts\/103"}],"collection":[{"href":"http:\/\/parkpravikov.cz\/es\/wp-json\/wp\/v2\/posts"}],"about":[{"href":"http:\/\/parkpravikov.cz\/es\/wp-json\/wp\/v2\/types\/post"}],"author":[{"embeddable":true,"href":"http:\/\/parkpravikov.cz\/es\/wp-json\/wp\/v2\/users\/1"}],"replies":[{"embeddable":true,"href":"http:\/\/parkpravikov.cz\/es\/wp-json\/wp\/v2\/comments?post=103"}],"version-history":[{"count":5,"href":"http:\/\/parkpravikov.cz\/es\/wp-json\/wp\/v2\/posts\/103\/revisions"}],"predecessor-version":[{"id":105,"href":"http:\/\/parkpravikov.cz\/es\/wp-json\/wp\/v2\/posts\/103\/revisions\/105"}],"wp:attachment":[{"href":"http:\/\/parkpravikov.cz\/es\/wp-json\/wp\/v2\/media?parent=103"}],"wp:term":[{"taxonomy":"category","embeddable":true,"href":"http:\/\/parkpravikov.cz\/es\/wp-json\/wp\/v2\/categories?post=103"},{"taxonomy":"post_tag","embeddable":true,"href":"http:\/\/parkpravikov.cz\/es\/wp-json\/wp\/v2\/tags?post=103"}],"curies":[{"name":"wp","href":"https:\/\/api.w.org\/{rel}","templated":true}]}}