{"id":507,"date":"2012-01-28T00:03:40","date_gmt":"2012-01-27T23:03:40","guid":{"rendered":"\/?p=507"},"modified":"2012-01-28T00:11:02","modified_gmt":"2012-01-27T23:11:02","slug":"vikendovy-seminar-%e2%80%9ecesta-sebeosvobozeni","status":"publish","type":"post","link":"http:\/\/parkpravikov.cz\/en\/vikendovy-seminar-%e2%80%9ecesta-sebeosvobozeni\/","title":{"rendered":"V\u00edkendov\u00fd semin\u00e1\u0159 \u201eCesta sebeosvobozen\u00ed\u201c"},"content":{"rendered":"<p><a href=\"\/en\/blog\/2012\/01\/28\/vikendovy-seminar-%e2%80%9ecesta-sebeosvobozeni\/beautiful-sunshine08\/\" rel=\"attachment wp-att-508\"><img loading=\"lazy\" class=\"alignleft size-thumbnail wp-image-508\" src=\"\/wp-content\/uploads\/2012\/01\/beautiful-sunshine08-150x112.jpg\" alt=\"\" width=\"150\" height=\"112\" \/><\/a>Srde\u010dn\u011b v\u00e1s zveme na v\u00edkendov\u00fd semin\u00e1\u0159 \u201eCesta sebeosvobozen\u00ed\u201c inspirovan\u00fd Silov\u00fdm Poselstv\u00edm.\u00a0Tento semin\u00e1\u0159 poskytne p\u0159\u00edle\u017eitost se do hloubky zamyslet nad t\u00edm, zda mne to, jak \u010del\u00edm situac\u00edm ka\u017edodenn\u00edho \u017eivota, vede cestou vnit\u0159n\u00edho r\u016fstu a rozvoje. Umo\u017en\u00ed ujasnit si to, co skute\u010dn\u011b pot\u0159ebuji \u2013 ty nejhlub\u0161\u00ed aspirace pro m\u016fj \u017eivot a m\u00e9 bl\u00edzk\u00e9 &#8211; a p\u0159edev\u0161\u00edm nau\u010d\u00ed techniky jak soust\u0159edit energii k jejich napln\u011bn\u00ed.<!--more--><strong><\/strong><\/p>\n<p><strong>\u201e\u017d\u00e1dost\u201c a zku\u0161enost \u201eDobr\u00e9ho byt\u00ed\u201c<\/strong><\/p>\n<p>Spole\u010dn\u011b budeme zkou\u0161et, jak se na chv\u00edli propojit se Silou v na\u0161ich srdc\u00edch a mysl\u00edch a odtamtud po\u017e\u00e1dat pro sebe, sv\u00e9 drah\u00e9, pro sv\u011bt\u2026 Jen na okam\u017eik p\u0159eru\u0161it to, co se ve tv\u00e9m \u017eivot\u011b d\u011bje, sta\u010d\u00ed k tomu, aby ses spojil se sv\u00fdm nitrem a aby se pocity a my\u0161lenky vyjasnily.<\/p>\n<p>Budeme se v\u011bnovat relaxaci, meditaci, pr\u00e1ci s p\u0159edstavami, \u010detb\u011b a studiu, osobn\u00ed reflexi i pr\u00e1ci ve skupink\u00e1ch.<\/p>\n<p><em>\u201eAle navzdory v\u0161emu\u2026p\u0159es to v\u0161echno\u2026navzdory t\u00e9to ne\u0161\u0165astn\u00e9 spoutanosti si n\u011bco jemn\u00e9ho jako zvuk z d\u00e1lky, n\u011bco lehk\u00e9ho jako rann\u00ed v\u00e1nek, n\u011bco, co je zpo\u010d\u00e1tku velmi jemn\u00e9, za\u010d\u00edn\u00e1 otev\u00edrat svou cestu v nitru lidsk\u00e9 bytosti.\u201c \u2013 Silo<\/em><\/p>\n<p>Akce <strong>za\u010d\u00edn\u00e1 v sobotu 11.2. v 10:00 hodin a kon\u010d\u00ed v ned\u011bli 12.2. v 19:00 hodin<\/strong> v Parku studi\u00ed a reflexe Prav\u00edkov (Prav\u00edkov 18 \u2013 Kamenice nad Lipou, Vyso\u010dina).<\/p>\n<p>Semin\u00e1\u0159 je bezplatn\u00fd, ka\u017ed\u00fd \u00fa\u010dastn\u00edk si plat\u00ed dopravu a j\u00eddlo (doprava vlastn\u00ed \u2013 mo\u017enost se domluvit dle m\u00edst v autech, stravov\u00e1n\u00ed bude zaji\u0161t\u011bno spole\u010dn\u00e9 za poplatek 100,- K\u010d na den); na pokryt\u00ed n\u00e1klad\u016f na provoz Parku se vyb\u00edr\u00e1 150,- K\u010d za noc.<\/p>\n<p>Kv\u016fli organizaci je nutn\u00e9 se p\u0159edem registrovat na e-mail nebo telefonicky!<br \/>\nKontakt a registrace: Dana Feminov\u00e1 (<a href=\"mailto:danafem@volny.cz\">danafem@volny.cz<\/a>, 777 711 911).<\/p>\n<p>Pozv\u00e1nku ve form\u00e1tu pdf <a href=\"http:\/\/files.komunita-cesta.webnode.cz\/200000385-c385ec579e\/seminarZadost3.pdf\">naleznete zde<\/a>.<\/p>\n<p>Po\u0159\u00e1d\u00e1: <strong>Komunita Silova Poselstv\u00ed Cesta<\/strong><br \/>\n<a href=\"http:\/\/komunita-cesta.webnode.cz\/\"> komunita-cesta.webnode.cz<\/a><br \/>\n<a href=\"http:\/\/www.silo.net\/\"> www.silo.net<\/a><\/p>","protected":false},"excerpt":{"rendered":"<p>Srde\u010dn\u011b v\u00e1s zveme na v\u00edkendov\u00fd semin\u00e1\u0159 \u201eCesta sebeosvobozen\u00ed\u201c inspirovan\u00fd Silov\u00fdm Poselstv\u00edm.\u00a0Tento semin\u00e1\u0159 poskytne p\u0159\u00edle\u017eitost se do hloubky zamyslet nad t\u00edm, zda mne to, jak \u010del\u00edm situac\u00edm ka\u017edodenn\u00edho \u017eivota, vede cestou vnit\u0159n\u00edho r\u016fstu a rozvoje. Umo\u017en\u00ed ujasnit si to, co skute\u010dn\u011b pot\u0159ebuji \u2013 ty nejhlub\u0161\u00ed aspirace pro m\u016fj \u017eivot a m\u00e9 bl\u00edzk\u00e9 &#8211; a p\u0159edev\u0161\u00edm nau\u010d\u00ed [&hellip;]<\/p>","protected":false},"author":25,"featured_media":0,"comment_status":"closed","ping_status":"closed","sticky":false,"template":"","format":"standard","meta":[],"categories":[6,4],"tags":[],"_links":{"self":[{"href":"http:\/\/parkpravikov.cz\/en\/wp-json\/wp\/v2\/posts\/507"}],"collection":[{"href":"http:\/\/parkpravikov.cz\/en\/wp-json\/wp\/v2\/posts"}],"about":[{"href":"http:\/\/parkpravikov.cz\/en\/wp-json\/wp\/v2\/types\/post"}],"author":[{"embeddable":true,"href":"http:\/\/parkpravikov.cz\/en\/wp-json\/wp\/v2\/users\/25"}],"replies":[{"embeddable":true,"href":"http:\/\/parkpravikov.cz\/en\/wp-json\/wp\/v2\/comments?post=507"}],"version-history":[{"count":8,"href":"http:\/\/parkpravikov.cz\/en\/wp-json\/wp\/v2\/posts\/507\/revisions"}],"predecessor-version":[{"id":524,"href":"http:\/\/parkpravikov.cz\/en\/wp-json\/wp\/v2\/posts\/507\/revisions\/524"}],"wp:attachment":[{"href":"http:\/\/parkpravikov.cz\/en\/wp-json\/wp\/v2\/media?parent=507"}],"wp:term":[{"taxonomy":"category","embeddable":true,"href":"http:\/\/parkpravikov.cz\/en\/wp-json\/wp\/v2\/categories?post=507"},{"taxonomy":"post_tag","embeddable":true,"href":"http:\/\/parkpravikov.cz\/en\/wp-json\/wp\/v2\/tags?post=507"}],"curies":[{"name":"wp","href":"https:\/\/api.w.org\/{rel}","templated":true}]}}