{"id":4842,"date":"2025-05-13T11:52:04","date_gmt":"2025-05-13T11:52:04","guid":{"rendered":"https:\/\/parkpravikov.cz\/?p=4842"},"modified":"2025-05-21T14:36:08","modified_gmt":"2025-05-21T14:36:08","slug":"vikendovy-seminar-cesta-usmireni","status":"publish","type":"post","link":"http:\/\/parkpravikov.cz\/en\/vikendovy-seminar-cesta-usmireni\/","title":{"rendered":"V\u00edkendov\u00fd semin\u00e1\u0159 CESTA USM\u00cd\u0158EN\u00cd"},"content":{"rendered":"<p>7. \u010dervna 12:00 &#8211; 8. \u010dervna 17:00<\/p>\n\n\n\n<figure class=\"wp-block-image size-full\"><img loading=\"lazy\" width=\"720\" height=\"378\" src=\"https:\/\/parkpravikov.cz\/wp-content\/uploads\/2025\/05\/evento_saggio.jpg\" alt=\"\" class=\"wp-image-4843\" srcset=\"http:\/\/parkpravikov.cz\/wp-content\/uploads\/2025\/05\/evento_saggio.jpg 720w, http:\/\/parkpravikov.cz\/wp-content\/uploads\/2025\/05\/evento_saggio-300x158.jpg 300w, http:\/\/parkpravikov.cz\/wp-content\/uploads\/2025\/05\/evento_saggio-18x9.jpg 18w\" sizes=\"(max-width: 720px) 100vw, 720px\" \/><\/figure>\n\n\n\n<p>Usm\u00ed\u0159en\u00ed se sebou sam\u00fdm, s minulost\u00ed a s lidmi, kte\u0159\u00ed n\u00e1m ubl\u00ed\u017eili, n\u00e1m d\u00e1 mo\u017enost jin\u00e9ho \u00fahlu pohledu a svobody pro na\u0161i budoucnost.<\/p>\n\n\n\n<p>Pocity frustrace, ne\u00fasp\u011bchu, t\u011b\u017ekost s p\u0159ijet\u00edm sv\u00fdch slab\u00fdch str\u00e1nek, v\u00fd\u010ditky, beznad\u011bj ze situace ve sv\u011bt\u011b, vztek na b\u00fdval\u00e9ho partnera, kamar\u00e1da\u2026? V\u011bnuj si v\u00edkend na hlubok\u00e9 vnit\u0159n\u00ed z\u00e1\u017eitky, kter\u00e9 ti pomohou na cest\u011b k sebeosvobozen\u00ed.<br>Chce to zm\u011bnu \u2013 chce to USM\u00cd\u0158EN\u00cd!<\/p>\n\n\n\n<p>Semin\u00e1\u0159 s praktick\u00fdmi cvi\u010den\u00edmi, meditac\u00ed, reflex\u00ed a sd\u00edlen\u00edm.<\/p>\n\n\n\n<p>Semin\u00e1\u0159 je bezplatn\u00fd \u2013 ka\u017ed\u00fd si plat\u00ed jen dopravu, ubytov\u00e1n\u00ed a j\u00eddlo (p\u0159\u00edsp\u011bvek na ubytov\u00e1n\u00ed 200,- K\u010d za noc), kv\u016fli organizaci je nutn\u00e9 se registrovat p\u0159edem.<br>Kontakt a registrace: Dana Feminov\u00e1 (<a href=\"mailto:danafem@volny.cz\">danafem@volny.cz<\/a>, 777 711 911)&nbsp;<\/p>\n\n\n\n<p><strong>KDY<\/strong>&nbsp;7. \u010dervna 12:00 &#8211; 8. \u010dervna 17:00<\/p>\n\n\n\n<p><strong>KDE&nbsp;<\/strong>Park studi\u00ed a reflexe Prav\u00edkov, Prav\u00edkov 18, 394 70 Kamenice nad Lipou<\/p>","protected":false},"excerpt":{"rendered":"<p>7. \u010dervna 12:00 &#8211; 8. \u010dervna 17:00 Usm\u00ed\u0159en\u00ed se sebou sam\u00fdm, s minulost\u00ed a s lidmi, kte\u0159\u00ed n\u00e1m ubl\u00ed\u017eili, n\u00e1m d\u00e1 mo\u017enost jin\u00e9ho \u00fahlu pohledu a svobody pro na\u0161i budoucnost. Pocity frustrace, ne\u00fasp\u011bchu, t\u011b\u017ekost s p\u0159ijet\u00edm sv\u00fdch slab\u00fdch str\u00e1nek, v\u00fd\u010ditky, beznad\u011bj ze situace ve sv\u011bt\u011b, vztek na b\u00fdval\u00e9ho partnera, kamar\u00e1da\u2026? V\u011bnuj si v\u00edkend na hlubok\u00e9 [&hellip;]<\/p>","protected":false},"author":9,"featured_media":4843,"comment_status":"closed","ping_status":"open","sticky":false,"template":"","format":"standard","meta":[],"categories":[1],"tags":[],"_links":{"self":[{"href":"http:\/\/parkpravikov.cz\/en\/wp-json\/wp\/v2\/posts\/4842"}],"collection":[{"href":"http:\/\/parkpravikov.cz\/en\/wp-json\/wp\/v2\/posts"}],"about":[{"href":"http:\/\/parkpravikov.cz\/en\/wp-json\/wp\/v2\/types\/post"}],"author":[{"embeddable":true,"href":"http:\/\/parkpravikov.cz\/en\/wp-json\/wp\/v2\/users\/9"}],"replies":[{"embeddable":true,"href":"http:\/\/parkpravikov.cz\/en\/wp-json\/wp\/v2\/comments?post=4842"}],"version-history":[{"count":2,"href":"http:\/\/parkpravikov.cz\/en\/wp-json\/wp\/v2\/posts\/4842\/revisions"}],"predecessor-version":[{"id":4848,"href":"http:\/\/parkpravikov.cz\/en\/wp-json\/wp\/v2\/posts\/4842\/revisions\/4848"}],"wp:featuredmedia":[{"embeddable":true,"href":"http:\/\/parkpravikov.cz\/en\/wp-json\/wp\/v2\/media\/4843"}],"wp:attachment":[{"href":"http:\/\/parkpravikov.cz\/en\/wp-json\/wp\/v2\/media?parent=4842"}],"wp:term":[{"taxonomy":"category","embeddable":true,"href":"http:\/\/parkpravikov.cz\/en\/wp-json\/wp\/v2\/categories?post=4842"},{"taxonomy":"post_tag","embeddable":true,"href":"http:\/\/parkpravikov.cz\/en\/wp-json\/wp\/v2\/tags?post=4842"}],"curies":[{"name":"wp","href":"https:\/\/api.w.org\/{rel}","templated":true}]}}