{"id":4824,"date":"2024-11-27T09:32:40","date_gmt":"2024-11-27T09:32:40","guid":{"rendered":"http:\/\/parkpravikov.cz\/?p=4824"},"modified":"2024-11-27T09:33:18","modified_gmt":"2024-11-27T09:33:18","slug":"oslava-zimniho-slunovratu-2","status":"publish","type":"post","link":"http:\/\/parkpravikov.cz\/en\/oslava-zimniho-slunovratu-2\/","title":{"rendered":"Oslava zimn\u00edho slunovratu"},"content":{"rendered":"<figure class=\"wp-block-image size-large\"><img loading=\"lazy\" width=\"1024\" height=\"576\" src=\"http:\/\/parkpravikov.cz\/wp-content\/uploads\/2024\/11\/slunovrat-1024x576.jpeg\" alt=\"\" class=\"wp-image-4825\" srcset=\"http:\/\/parkpravikov.cz\/wp-content\/uploads\/2024\/11\/slunovrat-1024x576.jpeg 1024w, http:\/\/parkpravikov.cz\/wp-content\/uploads\/2024\/11\/slunovrat-300x169.jpeg 300w, http:\/\/parkpravikov.cz\/wp-content\/uploads\/2024\/11\/slunovrat-768x432.jpeg 768w, http:\/\/parkpravikov.cz\/wp-content\/uploads\/2024\/11\/slunovrat-18x10.jpeg 18w, http:\/\/parkpravikov.cz\/wp-content\/uploads\/2024\/11\/slunovrat.jpeg 1512w\" sizes=\"(max-width: 1024px) 100vw, 1024px\" \/><\/figure>\n\n\n\n<p>21. prosinec ve 14:30 hod. &#8211; Park Prav\u00edkov<\/p>\n\n\n\n<p>P\u0159ijm\u011bte na\u0161e srde\u010dn\u00e9 pozv\u00e1n\u00ed na oslavu zimn\u00edho slunovratu \u2013 magick\u00e9ho okam\u017eiku, kdy se p\u0159\u00edroda i my sami lou\u010d\u00edme s temnotou a v\u00edt\u00e1me sv\u011btlo, nov\u00e9 za\u010d\u00e1tky a obnovu.<\/p>\n\n\n\n<p>Zimn\u00ed slunovrat je<strong> symbolem n\u00e1vratu slunce a nad\u011bje<\/strong>. Je to \u010das, kdy m\u016f\u017eeme zklidnit mysl, ohl\u00e9dnout se za uplynul\u00fdm rokem a s otev\u0159en\u00fdm srdcem p\u0159iv\u00edtat zm\u011bny, kter\u00e9 n\u00e1s \u010dekaj\u00ed.<\/p>\n\n\n\n<p><br><strong>Co v\u00e1s \u010dek\u00e1?<\/strong><\/p>\n\n\n\n<ul><li>Inspirativn\u00ed program v harmonii s p\u0159\u00edrodou.<\/li><li>P\u0159\u00edle\u017eitost sd\u00edlet p\u0159\u00edb\u011bhy, my\u0161lenky a sny.<\/li><li>Spole\u010dn\u00fd ritu\u00e1l pod\u011bkov\u00e1n\u00ed za uplynul\u00fd rok a p\u0159iv\u00edt\u00e1n\u00ed nov\u00e9ho.<\/li><li>Tepl\u00e9 n\u00e1poje a drobn\u00e9 ob\u010derstven\u00ed v p\u0159\u00e1telsk\u00e9 atmosf\u00e9\u0159e.<\/li><\/ul>\n\n\n\n<p><\/p>\n\n\n\n<p>P\u0159ij\u010fte s n\u00e1mi vytvo\u0159it<strong> okam\u017eiky propojen\u00ed a radosti, obklopeni kr\u00e1sou zimn\u00ed p\u0159\u00edrody<\/strong>. P\u0159ive\u010fte sv\u00e9 p\u0159\u00e1tele, rodinu nebo kohokoliv, kdo by si cht\u011bl u\u017e\u00edt chv\u00edli klidu a inspirace.<br><\/p>\n\n\n\n<p>Na\u0161e setk\u00e1n\u00ed je otev\u0159en\u00e9 v\u0161em, kte\u0159\u00ed cht\u011bj\u00ed oslavit tento v\u00fdjime\u010dn\u00fd \u010das roku a pod\u011blit se o energii nad\u011bje, vd\u011b\u010dnosti a nov\u00fdch za\u010d\u00e1tk\u016f.<br><\/p>\n\n\n\n<p>T\u011b\u0161\u00edme se na v\u00e1s!<br><\/p>\n\n\n\n<p>Do Parku Prav\u00edkov je mo\u017en\u00e9 p\u0159ijet na cel\u00fd den<br><\/p>\n\n\n\n<p>Informace o \u00fa\u010dasti p\u0159edem je v\u00edt\u00e1na: <a href=\"mailto:info@parkpravikov.cz\">info@parkpravikov.cz<\/a><br>Doprava vlastn\u00ed, je mo\u017enost se domluvit na spoluj\u00edzdu dle m\u00edst v autech.<br><\/p>\n\n\n\n<p><em>Parky studi\u00ed a reflexe jsou m\u00edsty ur\u010den\u00fdmi k zamy\u0161len\u00ed, ale tak\u00e9 ke studiu a rozvoji \u010dlov\u011bka a nen\u00e1siln\u00e9 humanistick\u00e9 citlivosti a kultury.<br><\/em><\/p>\n\n\n\n<p>Park studi\u00ed a reflexe Prav\u00edkov &#8211; Prav\u00edkov 18, 394 70 Kamenice nad Lipou<br><a href=\"mailto:info@parkpravikov.cz\">info@parkpravikov.cz<\/a> <\/p>","protected":false},"excerpt":{"rendered":"<p>21. prosinec ve 14:30 hod. &#8211; Park Prav\u00edkov P\u0159ijm\u011bte na\u0161e srde\u010dn\u00e9 pozv\u00e1n\u00ed na oslavu zimn\u00edho slunovratu \u2013 magick\u00e9ho okam\u017eiku, kdy se p\u0159\u00edroda i my sami lou\u010d\u00edme s temnotou a v\u00edt\u00e1me sv\u011btlo, nov\u00e9 za\u010d\u00e1tky a obnovu. Zimn\u00ed slunovrat je symbolem n\u00e1vratu slunce a nad\u011bje. Je to \u010das, kdy m\u016f\u017eeme zklidnit mysl, ohl\u00e9dnout se za uplynul\u00fdm rokem [&hellip;]<\/p>","protected":false},"author":9,"featured_media":4825,"comment_status":"closed","ping_status":"open","sticky":false,"template":"","format":"standard","meta":[],"categories":[5,6,4],"tags":[],"_links":{"self":[{"href":"http:\/\/parkpravikov.cz\/en\/wp-json\/wp\/v2\/posts\/4824"}],"collection":[{"href":"http:\/\/parkpravikov.cz\/en\/wp-json\/wp\/v2\/posts"}],"about":[{"href":"http:\/\/parkpravikov.cz\/en\/wp-json\/wp\/v2\/types\/post"}],"author":[{"embeddable":true,"href":"http:\/\/parkpravikov.cz\/en\/wp-json\/wp\/v2\/users\/9"}],"replies":[{"embeddable":true,"href":"http:\/\/parkpravikov.cz\/en\/wp-json\/wp\/v2\/comments?post=4824"}],"version-history":[{"count":2,"href":"http:\/\/parkpravikov.cz\/en\/wp-json\/wp\/v2\/posts\/4824\/revisions"}],"predecessor-version":[{"id":4827,"href":"http:\/\/parkpravikov.cz\/en\/wp-json\/wp\/v2\/posts\/4824\/revisions\/4827"}],"wp:featuredmedia":[{"embeddable":true,"href":"http:\/\/parkpravikov.cz\/en\/wp-json\/wp\/v2\/media\/4825"}],"wp:attachment":[{"href":"http:\/\/parkpravikov.cz\/en\/wp-json\/wp\/v2\/media?parent=4824"}],"wp:term":[{"taxonomy":"category","embeddable":true,"href":"http:\/\/parkpravikov.cz\/en\/wp-json\/wp\/v2\/categories?post=4824"},{"taxonomy":"post_tag","embeddable":true,"href":"http:\/\/parkpravikov.cz\/en\/wp-json\/wp\/v2\/tags?post=4824"}],"curies":[{"name":"wp","href":"https:\/\/api.w.org\/{rel}","templated":true}]}}