{"id":4638,"date":"2022-10-05T09:56:45","date_gmt":"2022-10-05T09:56:45","guid":{"rendered":"http:\/\/parkpravikov.cz\/?p=4638"},"modified":"2022-10-05T09:56:45","modified_gmt":"2022-10-05T09:56:45","slug":"meditace-za-mir-a-nenasili-2-rijna-2022","status":"publish","type":"post","link":"http:\/\/parkpravikov.cz\/en\/meditace-za-mir-a-nenasili-2-rijna-2022\/","title":{"rendered":"Meditace za m\u00edr a nen\u00e1sil\u00ed &#8211; 2. \u0159\u00edjna 2022"},"content":{"rendered":"<p>V\u011bnujme te\u010f spole\u010dn\u011b p\u00e1r minut, abychom si p\u0159ibl\u00ed\u017eili pocity t\u011bch, kte\u0159\u00ed trp\u00ed n\u00e1sil\u00edm.<\/p>\n\n\n\n<p>Zkusme si p\u0159edstavit ty mili\u00f3ny lid\u00ed, kte\u0159\u00ed ztratili n\u011bkoho milovan\u00e9ho, sv\u016fj domov a nad\u011bji do budoucnosti ve v\u00e1le\u010dn\u00fdch konfliktech po cel\u00e9m sv\u011bt\u011b. P\u0159edstavme si lidi, kte\u0159\u00ed z d\u016fvod\u016f ekonomick\u00e9ho n\u00e1sil\u00ed musej\u00ed p\u0159ihl\u00ed\u017eet, jak jejich d\u011bti um\u00edraj\u00ed. Propojme se s&nbsp;lidmi a rostouc\u00edm nap\u011bt\u00edm, n\u00e1sil\u00edm a strachem z&nbsp;nejist\u00e9 budoucnosti i v&nbsp;na\u0161\u00ed zemi.<\/p>\n\n\n\n<p>V\u0161ichni ti lid\u00e9 maj\u00ed sv\u00e9 jm\u00e9no, svou rodinu &#8211; stejn\u011b jako my tady, m\u011bli sv\u00e9 sny a doufali v lep\u0161\u00ed budoucnost pro sebe a sv\u00e9 drah\u00e9. P\u0159\u00e1li si v klidu \u017e\u00edt a vychov\u00e1vat sv\u00e9 d\u011bti, p\u0159ekon\u00e1vat ka\u017edodenn\u00ed probl\u00e9my a uskute\u010d\u0148ovat sv\u00e9 pl\u00e1ny. Z d\u016fvod\u016f, kter\u00e9 jim ani nebyly jasn\u00e9, se ocitli ve spir\u00e1le n\u00e1sil\u00ed a poznali strach, bolest, z\u00e1\u0161\u0165, frustraci, beznad\u011bj, obavy a smutek z toho, co se v&nbsp;jejich \u017eivot\u011b odehr\u00e1v\u00e1. Mysl\u00edme na tyto lidi \u2013 za\u017e\u00edv\u00e1me s&nbsp;nimi spojen\u00ed a c\u00edt\u00edme jejich p\u0159\u00edtomnost v&nbsp;na\u0161ich srdc\u00edch.<\/p>\n\n\n\n<p>Meditujme te\u010f chv\u00edli o tom, co znamen\u00e1 slovo \u201ev\u00e1lka\u201d a \u201en\u00e1sil\u00ed\u201c! A jak\u00e9 pocity v&nbsp;n\u00e1s vyvol\u00e1vaj\u00ed?<\/p>\n\n\n\n<p>P\u0159edstavme si te\u010f, \u017ee je v na\u0161ich sil\u00e1ch zastavit nesmyslnost n\u00e1sil\u00ed. P\u0159edstavme si, \u017ee lid\u00e9 na cel\u00e9m sv\u011bt\u011b odm\u00edtaj\u00ed spolupracovat s vl\u00e1dami a firmami podporuj\u00edc\u00ed v\u00e1lky a zbrojen\u00ed. V&nbsp;na\u0161ich srdc\u00edch se probouz\u00ed siln\u00e1 pochybnost, \u017ee to, \u010demu jsme tak dlouho v\u011b\u0159ili, byla jen manipulace ziskuchtiv\u00fdch! V\u00e1lky, zbrojen\u00ed a n\u00e1sil\u00ed nejsou nezbytnou sou\u010d\u00e1st\u00ed lidsk\u00e9ho \u017eivota! N\u00e1siln\u00fd p\u0159\u00edstup k n\u00e1sil\u00ed m\u00edr nep\u0159in\u00e1\u0161\u00ed! P\u0159edstavme si, jak postupn\u011b st\u00e1le v\u00edce lid\u00ed c\u00edt\u00ed propojen\u00ed s ostatn\u00edmi a uv\u011bdomuj\u00ed si, \u017ee rozvoj je mo\u017en\u00fd pouze v p\u0159\u00edpad\u011b, \u017ee je to rozvoj pro v\u0161echny.<\/p>\n\n\n\n<p>Meditujme te\u010f chv\u00edli o tom, co znamen\u00e1 slovo \u201em\u00edr\u201c a \u201enen\u00e1sil\u00ed\u201c\u2026 A jak\u00e9 pocity v&nbsp;n\u00e1s vyvol\u00e1vaj\u00ed?<\/p>\n\n\n\n<p>\u017d\u00e1dejme te\u010f v hloubce na\u0161ich srdc\u00ed, aby se lid\u00e9 a n\u00e1rody cel\u00e9ho sv\u011bta rozhodli pos\u00edlit d\u016fv\u011bru v lidsk\u00fd sv\u011bt. Aby se rozhodli pro nen\u00e1sil\u00ed, kter\u00e9 d\u00e1v\u00e1 hodnotu lidsk\u00e9mu \u017eivotu a otev\u00edr\u00e1 budoucnost.<\/p>\n\n\n\n<p>Intenzivn\u011b si p\u0159ejme, aby lid\u00e9 na\u0161li cestu k usm\u00ed\u0159en\u00ed a m\u00edru \u2013 aby uv\u011b\u0159ili, \u017ee m\u00edr je mo\u017en\u00fd, propojili se s n\u00edm a aktivn\u011b probouzeli nen\u00e1siln\u00fd p\u0159\u00edstup k \u0159e\u0161en\u00ed konflikt\u016f ve spole\u010dnosti i uvnit\u0159 n\u00e1s.<\/p>\n\n\n\n<p>N\u00e1\u0161 symbolick\u00fd ohe\u0148 m\u00edru a nen\u00e1sil\u00ed se dnes ve\u010der p\u0159id\u00e1v\u00e1 k&nbsp;dal\u0161\u00edm m\u00edst\u016fm, kter\u00e1 se p\u0159ipojila k&nbsp;oslav\u00e1m Mezin\u00e1rodn\u00edho dne nen\u00e1sil\u00ed\u2026 Je znamen\u00edm nad\u011bje a solidarity pro ty, kte\u0159\u00ed dnes \u017eij\u00ed ve v\u00e1lk\u00e1ch a n\u00e1sil\u00ed\u2026. Je inspirac\u00ed pro ty, kte\u0159\u00ed se zat\u00edm zdr\u00e1haj\u00ed uv\u011b\u0159it, \u017ee m\u00edr a nen\u00e1sil\u00ed jsou mo\u017en\u00e9\u2026 A varovn\u00fdm sign\u00e1lem pro ty, kte\u0159\u00ed pou\u017e\u00edvaj\u00ed n\u00e1sil\u00ed a v\u00e1lky k dosa\u017een\u00ed sv\u00fdch c\u00edl\u016f\u2026 Nov\u00e1 humanistick\u00e1 citlivost z\u00edsk\u00e1v\u00e1 st\u00e1le v\u011bt\u0161\u00ed prostor v na\u0161ich srdc\u00edch i na\u0161ich mysl\u00edch!<\/p>\n\n\n\n<p>D\u011bkujeme v\u0161em p\u0159\u00edtomn\u00fdm za pozitivn\u00ed my\u0161lenky a p\u0159edstavy. D\u011bkujeme za tento proud dobra a nad\u011bje. D\u011bkujeme za odvahu p\u0159edstavovat si lep\u0161\u00ed sv\u011bt pro v\u0161echny \u2013 s\u00edla nen\u00e1sil\u00ed se st\u00e1v\u00e1 jeho p\u0159irozenou sou\u010d\u00e1st\u00ed. St\u00e1le v\u00edce lid\u00ed se st\u00e1v\u00e1 op\u011brn\u00fdm bodem a p\u0159\u00edkladem, \u017ee zm\u011bnou, kterou hled\u00e1me ve sv\u011bt\u011b, se mus\u00edme st\u00e1t my sami\u2026<\/p>\n\n\n\n<figure class=\"wp-block-gallery columns-3 is-cropped\"><ul class=\"blocks-gallery-grid\"><li class=\"blocks-gallery-item\"><figure><a href=\"http:\/\/parkpravikov.cz\/wp-content\/uploads\/2022\/10\/310534275_5851465274872063_2665451947175372454_n.jpg\"><img loading=\"lazy\" width=\"699\" height=\"1024\" src=\"http:\/\/parkpravikov.cz\/wp-content\/uploads\/2022\/10\/310534275_5851465274872063_2665451947175372454_n-699x1024.jpg\" alt=\"\" data-id=\"4640\" data-full-url=\"http:\/\/parkpravikov.cz\/wp-content\/uploads\/2022\/10\/310534275_5851465274872063_2665451947175372454_n.jpg\" data-link=\"http:\/\/parkpravikov.cz\/?attachment_id=4640\" class=\"wp-image-4640\" srcset=\"http:\/\/parkpravikov.cz\/wp-content\/uploads\/2022\/10\/310534275_5851465274872063_2665451947175372454_n-699x1024.jpg 699w, http:\/\/parkpravikov.cz\/wp-content\/uploads\/2022\/10\/310534275_5851465274872063_2665451947175372454_n-205x300.jpg 205w, http:\/\/parkpravikov.cz\/wp-content\/uploads\/2022\/10\/310534275_5851465274872063_2665451947175372454_n-768x1125.jpg 768w, http:\/\/parkpravikov.cz\/wp-content\/uploads\/2022\/10\/310534275_5851465274872063_2665451947175372454_n-1049x1536.jpg 1049w, http:\/\/parkpravikov.cz\/wp-content\/uploads\/2022\/10\/310534275_5851465274872063_2665451947175372454_n-8x12.jpg 8w, http:\/\/parkpravikov.cz\/wp-content\/uploads\/2022\/10\/310534275_5851465274872063_2665451947175372454_n.jpg 1398w\" sizes=\"(max-width: 699px) 100vw, 699px\" \/><\/a><\/figure><\/li><li class=\"blocks-gallery-item\"><figure><a href=\"http:\/\/parkpravikov.cz\/wp-content\/uploads\/2022\/10\/310562137_5851465191538738_2027249549318496899_n.jpg\"><img loading=\"lazy\" width=\"1024\" height=\"899\" src=\"http:\/\/parkpravikov.cz\/wp-content\/uploads\/2022\/10\/310562137_5851465191538738_2027249549318496899_n-1024x899.jpg\" alt=\"\" data-id=\"4643\" data-full-url=\"http:\/\/parkpravikov.cz\/wp-content\/uploads\/2022\/10\/310562137_5851465191538738_2027249549318496899_n.jpg\" data-link=\"http:\/\/parkpravikov.cz\/?attachment_id=4643\" class=\"wp-image-4643\" srcset=\"http:\/\/parkpravikov.cz\/wp-content\/uploads\/2022\/10\/310562137_5851465191538738_2027249549318496899_n-1024x899.jpg 1024w, http:\/\/parkpravikov.cz\/wp-content\/uploads\/2022\/10\/310562137_5851465191538738_2027249549318496899_n-300x263.jpg 300w, http:\/\/parkpravikov.cz\/wp-content\/uploads\/2022\/10\/310562137_5851465191538738_2027249549318496899_n-768x674.jpg 768w, http:\/\/parkpravikov.cz\/wp-content\/uploads\/2022\/10\/310562137_5851465191538738_2027249549318496899_n-1536x1348.jpg 1536w, http:\/\/parkpravikov.cz\/wp-content\/uploads\/2022\/10\/310562137_5851465191538738_2027249549318496899_n-14x12.jpg 14w, http:\/\/parkpravikov.cz\/wp-content\/uploads\/2022\/10\/310562137_5851465191538738_2027249549318496899_n.jpg 2048w\" sizes=\"(max-width: 1024px) 100vw, 1024px\" \/><\/a><\/figure><\/li><li class=\"blocks-gallery-item\"><figure><a href=\"http:\/\/parkpravikov.cz\/wp-content\/uploads\/2022\/10\/310619603_5851465614872029_296088602900268281_n.jpg\"><img loading=\"lazy\" width=\"1024\" height=\"847\" src=\"http:\/\/parkpravikov.cz\/wp-content\/uploads\/2022\/10\/310619603_5851465614872029_296088602900268281_n-1024x847.jpg\" alt=\"\" data-id=\"4642\" data-full-url=\"http:\/\/parkpravikov.cz\/wp-content\/uploads\/2022\/10\/310619603_5851465614872029_296088602900268281_n.jpg\" data-link=\"http:\/\/parkpravikov.cz\/?attachment_id=4642\" class=\"wp-image-4642\" srcset=\"http:\/\/parkpravikov.cz\/wp-content\/uploads\/2022\/10\/310619603_5851465614872029_296088602900268281_n-1024x847.jpg 1024w, http:\/\/parkpravikov.cz\/wp-content\/uploads\/2022\/10\/310619603_5851465614872029_296088602900268281_n-300x248.jpg 300w, http:\/\/parkpravikov.cz\/wp-content\/uploads\/2022\/10\/310619603_5851465614872029_296088602900268281_n-768x635.jpg 768w, http:\/\/parkpravikov.cz\/wp-content\/uploads\/2022\/10\/310619603_5851465614872029_296088602900268281_n-1536x1271.jpg 1536w, http:\/\/parkpravikov.cz\/wp-content\/uploads\/2022\/10\/310619603_5851465614872029_296088602900268281_n-15x12.jpg 15w, http:\/\/parkpravikov.cz\/wp-content\/uploads\/2022\/10\/310619603_5851465614872029_296088602900268281_n.jpg 2048w\" sizes=\"(max-width: 1024px) 100vw, 1024px\" \/><\/a><\/figure><\/li><li class=\"blocks-gallery-item\"><figure><a href=\"http:\/\/parkpravikov.cz\/wp-content\/uploads\/2022\/10\/310459854_5851465318205392_6217136441768797330_n-scaled.jpg\"><img loading=\"lazy\" width=\"473\" height=\"1024\" src=\"http:\/\/parkpravikov.cz\/wp-content\/uploads\/2022\/10\/310459854_5851465318205392_6217136441768797330_n-473x1024.jpg\" alt=\"\" data-id=\"4641\" data-full-url=\"http:\/\/parkpravikov.cz\/wp-content\/uploads\/2022\/10\/310459854_5851465318205392_6217136441768797330_n-scaled.jpg\" data-link=\"http:\/\/parkpravikov.cz\/?attachment_id=4641\" class=\"wp-image-4641\" srcset=\"http:\/\/parkpravikov.cz\/wp-content\/uploads\/2022\/10\/310459854_5851465318205392_6217136441768797330_n-473x1024.jpg 473w, http:\/\/parkpravikov.cz\/wp-content\/uploads\/2022\/10\/310459854_5851465318205392_6217136441768797330_n-138x300.jpg 138w, http:\/\/parkpravikov.cz\/wp-content\/uploads\/2022\/10\/310459854_5851465318205392_6217136441768797330_n-768x1664.jpg 768w, http:\/\/parkpravikov.cz\/wp-content\/uploads\/2022\/10\/310459854_5851465318205392_6217136441768797330_n-709x1536.jpg 709w, http:\/\/parkpravikov.cz\/wp-content\/uploads\/2022\/10\/310459854_5851465318205392_6217136441768797330_n-945x2048.jpg 945w, http:\/\/parkpravikov.cz\/wp-content\/uploads\/2022\/10\/310459854_5851465318205392_6217136441768797330_n-6x12.jpg 6w, http:\/\/parkpravikov.cz\/wp-content\/uploads\/2022\/10\/310459854_5851465318205392_6217136441768797330_n-scaled.jpg 1181w\" sizes=\"(max-width: 473px) 100vw, 473px\" \/><\/a><\/figure><\/li><li class=\"blocks-gallery-item\"><figure><a href=\"http:\/\/parkpravikov.cz\/wp-content\/uploads\/2022\/10\/310491625_5851465454872045_48973240529861030_n-scaled.jpg\"><img loading=\"lazy\" width=\"1024\" height=\"473\" src=\"http:\/\/parkpravikov.cz\/wp-content\/uploads\/2022\/10\/310491625_5851465454872045_48973240529861030_n-1024x473.jpg\" alt=\"\" data-id=\"4646\" data-full-url=\"http:\/\/parkpravikov.cz\/wp-content\/uploads\/2022\/10\/310491625_5851465454872045_48973240529861030_n-scaled.jpg\" data-link=\"http:\/\/parkpravikov.cz\/?attachment_id=4646\" class=\"wp-image-4646\" srcset=\"http:\/\/parkpravikov.cz\/wp-content\/uploads\/2022\/10\/310491625_5851465454872045_48973240529861030_n-1024x473.jpg 1024w, http:\/\/parkpravikov.cz\/wp-content\/uploads\/2022\/10\/310491625_5851465454872045_48973240529861030_n-300x138.jpg 300w, http:\/\/parkpravikov.cz\/wp-content\/uploads\/2022\/10\/310491625_5851465454872045_48973240529861030_n-768x354.jpg 768w, http:\/\/parkpravikov.cz\/wp-content\/uploads\/2022\/10\/310491625_5851465454872045_48973240529861030_n-1536x709.jpg 1536w, http:\/\/parkpravikov.cz\/wp-content\/uploads\/2022\/10\/310491625_5851465454872045_48973240529861030_n-2048x945.jpg 2048w, http:\/\/parkpravikov.cz\/wp-content\/uploads\/2022\/10\/310491625_5851465454872045_48973240529861030_n-18x8.jpg 18w\" sizes=\"(max-width: 1024px) 100vw, 1024px\" \/><\/a><\/figure><\/li><li class=\"blocks-gallery-item\"><figure><a href=\"http:\/\/parkpravikov.cz\/wp-content\/uploads\/2022\/10\/310581294_5851465291538728_2051731503795180428_n.jpg\"><img loading=\"lazy\" width=\"1024\" height=\"534\" src=\"http:\/\/parkpravikov.cz\/wp-content\/uploads\/2022\/10\/310581294_5851465291538728_2051731503795180428_n-1024x534.jpg\" alt=\"\" data-id=\"4645\" data-full-url=\"http:\/\/parkpravikov.cz\/wp-content\/uploads\/2022\/10\/310581294_5851465291538728_2051731503795180428_n.jpg\" data-link=\"http:\/\/parkpravikov.cz\/?attachment_id=4645\" class=\"wp-image-4645\" srcset=\"http:\/\/parkpravikov.cz\/wp-content\/uploads\/2022\/10\/310581294_5851465291538728_2051731503795180428_n-1024x534.jpg 1024w, http:\/\/parkpravikov.cz\/wp-content\/uploads\/2022\/10\/310581294_5851465291538728_2051731503795180428_n-300x156.jpg 300w, http:\/\/parkpravikov.cz\/wp-content\/uploads\/2022\/10\/310581294_5851465291538728_2051731503795180428_n-768x400.jpg 768w, http:\/\/parkpravikov.cz\/wp-content\/uploads\/2022\/10\/310581294_5851465291538728_2051731503795180428_n-1536x800.jpg 1536w, http:\/\/parkpravikov.cz\/wp-content\/uploads\/2022\/10\/310581294_5851465291538728_2051731503795180428_n-18x9.jpg 18w, http:\/\/parkpravikov.cz\/wp-content\/uploads\/2022\/10\/310581294_5851465291538728_2051731503795180428_n.jpg 2048w\" sizes=\"(max-width: 1024px) 100vw, 1024px\" \/><\/a><\/figure><\/li><li class=\"blocks-gallery-item\"><figure><a href=\"http:\/\/parkpravikov.cz\/wp-content\/uploads\/2022\/10\/310454805_5851465261538731_1224231101861012359_n.jpg\"><img loading=\"lazy\" width=\"1024\" height=\"570\" src=\"http:\/\/parkpravikov.cz\/wp-content\/uploads\/2022\/10\/310454805_5851465261538731_1224231101861012359_n-1024x570.jpg\" alt=\"\" data-id=\"4644\" data-full-url=\"http:\/\/parkpravikov.cz\/wp-content\/uploads\/2022\/10\/310454805_5851465261538731_1224231101861012359_n.jpg\" data-link=\"http:\/\/parkpravikov.cz\/?attachment_id=4644\" class=\"wp-image-4644\" srcset=\"http:\/\/parkpravikov.cz\/wp-content\/uploads\/2022\/10\/310454805_5851465261538731_1224231101861012359_n-1024x570.jpg 1024w, http:\/\/parkpravikov.cz\/wp-content\/uploads\/2022\/10\/310454805_5851465261538731_1224231101861012359_n-300x167.jpg 300w, http:\/\/parkpravikov.cz\/wp-content\/uploads\/2022\/10\/310454805_5851465261538731_1224231101861012359_n-768x427.jpg 768w, http:\/\/parkpravikov.cz\/wp-content\/uploads\/2022\/10\/310454805_5851465261538731_1224231101861012359_n-1536x854.jpg 1536w, http:\/\/parkpravikov.cz\/wp-content\/uploads\/2022\/10\/310454805_5851465261538731_1224231101861012359_n-18x10.jpg 18w, http:\/\/parkpravikov.cz\/wp-content\/uploads\/2022\/10\/310454805_5851465261538731_1224231101861012359_n.jpg 2048w\" sizes=\"(max-width: 1024px) 100vw, 1024px\" \/><\/a><\/figure><\/li><li class=\"blocks-gallery-item\"><figure><a href=\"http:\/\/parkpravikov.cz\/wp-content\/uploads\/2022\/10\/310569625_5851464998205424_7204217555884597497_n.jpg\"><img loading=\"lazy\" width=\"1024\" height=\"900\" src=\"http:\/\/parkpravikov.cz\/wp-content\/uploads\/2022\/10\/310569625_5851464998205424_7204217555884597497_n-1024x900.jpg\" alt=\"\" data-id=\"4639\" data-full-url=\"http:\/\/parkpravikov.cz\/wp-content\/uploads\/2022\/10\/310569625_5851464998205424_7204217555884597497_n.jpg\" data-link=\"http:\/\/parkpravikov.cz\/?attachment_id=4639\" class=\"wp-image-4639\" srcset=\"http:\/\/parkpravikov.cz\/wp-content\/uploads\/2022\/10\/310569625_5851464998205424_7204217555884597497_n-1024x900.jpg 1024w, http:\/\/parkpravikov.cz\/wp-content\/uploads\/2022\/10\/310569625_5851464998205424_7204217555884597497_n-300x264.jpg 300w, http:\/\/parkpravikov.cz\/wp-content\/uploads\/2022\/10\/310569625_5851464998205424_7204217555884597497_n-768x675.jpg 768w, http:\/\/parkpravikov.cz\/wp-content\/uploads\/2022\/10\/310569625_5851464998205424_7204217555884597497_n-1536x1349.jpg 1536w, http:\/\/parkpravikov.cz\/wp-content\/uploads\/2022\/10\/310569625_5851464998205424_7204217555884597497_n-14x12.jpg 14w, http:\/\/parkpravikov.cz\/wp-content\/uploads\/2022\/10\/310569625_5851464998205424_7204217555884597497_n.jpg 2048w\" sizes=\"(max-width: 1024px) 100vw, 1024px\" \/><\/a><\/figure><\/li><\/ul><\/figure>","protected":false},"excerpt":{"rendered":"<p>V\u011bnujme te\u010f spole\u010dn\u011b p\u00e1r minut, abychom si p\u0159ibl\u00ed\u017eili pocity t\u011bch, kte\u0159\u00ed trp\u00ed n\u00e1sil\u00edm. Zkusme si p\u0159edstavit ty mili\u00f3ny lid\u00ed, kte\u0159\u00ed ztratili n\u011bkoho milovan\u00e9ho, sv\u016fj domov a nad\u011bji do budoucnosti ve v\u00e1le\u010dn\u00fdch konfliktech po cel\u00e9m sv\u011bt\u011b. P\u0159edstavme si lidi, kte\u0159\u00ed z d\u016fvod\u016f ekonomick\u00e9ho n\u00e1sil\u00ed musej\u00ed p\u0159ihl\u00ed\u017eet, jak jejich d\u011bti um\u00edraj\u00ed. Propojme se s&nbsp;lidmi a rostouc\u00edm nap\u011bt\u00edm, [&hellip;]<\/p>","protected":false},"author":9,"featured_media":4643,"comment_status":"closed","ping_status":"open","sticky":false,"template":"","format":"standard","meta":[],"categories":[4],"tags":[],"_links":{"self":[{"href":"http:\/\/parkpravikov.cz\/en\/wp-json\/wp\/v2\/posts\/4638"}],"collection":[{"href":"http:\/\/parkpravikov.cz\/en\/wp-json\/wp\/v2\/posts"}],"about":[{"href":"http:\/\/parkpravikov.cz\/en\/wp-json\/wp\/v2\/types\/post"}],"author":[{"embeddable":true,"href":"http:\/\/parkpravikov.cz\/en\/wp-json\/wp\/v2\/users\/9"}],"replies":[{"embeddable":true,"href":"http:\/\/parkpravikov.cz\/en\/wp-json\/wp\/v2\/comments?post=4638"}],"version-history":[{"count":2,"href":"http:\/\/parkpravikov.cz\/en\/wp-json\/wp\/v2\/posts\/4638\/revisions"}],"predecessor-version":[{"id":4649,"href":"http:\/\/parkpravikov.cz\/en\/wp-json\/wp\/v2\/posts\/4638\/revisions\/4649"}],"wp:featuredmedia":[{"embeddable":true,"href":"http:\/\/parkpravikov.cz\/en\/wp-json\/wp\/v2\/media\/4643"}],"wp:attachment":[{"href":"http:\/\/parkpravikov.cz\/en\/wp-json\/wp\/v2\/media?parent=4638"}],"wp:term":[{"taxonomy":"category","embeddable":true,"href":"http:\/\/parkpravikov.cz\/en\/wp-json\/wp\/v2\/categories?post=4638"},{"taxonomy":"post_tag","embeddable":true,"href":"http:\/\/parkpravikov.cz\/en\/wp-json\/wp\/v2\/tags?post=4638"}],"curies":[{"name":"wp","href":"https:\/\/api.w.org\/{rel}","templated":true}]}}