{"id":4616,"date":"2022-09-26T20:42:34","date_gmt":"2022-09-26T20:42:34","guid":{"rendered":"http:\/\/parkpravikov.cz\/?p=4616"},"modified":"2022-09-26T20:51:09","modified_gmt":"2022-09-26T20:51:09","slug":"sila-nenasili","status":"publish","type":"post","link":"http:\/\/parkpravikov.cz\/en\/sila-nenasili\/","title":{"rendered":"S\u00cdLA NEN\u00c1SIL\u00cd &#8211; 2.10.Mezin\u00e1rodn\u00ed den nen\u00e1sil\u00ed"},"content":{"rendered":"<div data-elementor-type=\"wp-post\" data-elementor-id=\"4616\" class=\"elementor elementor-4616\" data-elementor-settings=\"[]\">\r\n\t\t\t\t\t\t<div class=\"elementor-inner\">\r\n\t\t\t\t\t\t\t<div class=\"elementor-section-wrap\">\r\n\t\t\t\t\t\t\t<section class=\"elementor-section elementor-top-section elementor-element elementor-element-c08b037 elementor-section-boxed elementor-section-height-default elementor-section-height-default\" data-id=\"c08b037\" data-element_type=\"section\">\r\n\t\t\t\t\t\t<div class=\"elementor-container elementor-column-gap-default\">\r\n\t\t\t\t\t\t\t<div class=\"elementor-row\">\r\n\t\t\t\t\t<div class=\"elementor-column elementor-col-100 elementor-top-column elementor-element elementor-element-b5f856e\" data-id=\"b5f856e\" data-element_type=\"column\">\r\n\t\t\t<div class=\"elementor-column-wrap elementor-element-populated\">\r\n\t\t\t\t\t\t\t<div class=\"elementor-widget-wrap\">\r\n\t\t\t\t\t\t<div class=\"elementor-element elementor-element-a0a8edb elementor-widget elementor-widget-image\" data-id=\"a0a8edb\" data-element_type=\"widget\" data-widget_type=\"image.default\">\r\n\t\t\t\t<div class=\"elementor-widget-container\">\r\n\t\t\t\t\t\t\t\t<div class=\"elementor-image\">\r\n\t\t\t\t\t\t\t\t\t\t\t\t\t<a href=\"https:\/\/parkpravikov.cz\/wp-content\/uploads\/2022\/09\/WhatsApp-Image-2022-09-26-at-18.14.10-1.jpeg\" data-elementor-open-lightbox=\"yes\" data-elementor-lightbox-title=\"WhatsApp Image 2022-09-26 at 18.14.10 (1)\">\r\n\t\t\t\t\t\t\t<img width=\"755\" height=\"1024\" src=\"http:\/\/parkpravikov.cz\/wp-content\/uploads\/2022\/09\/WhatsApp-Image-2022-09-26-at-18.14.10-1-755x1024.jpeg\" class=\"attachment-large size-large\" alt=\"\" loading=\"lazy\" srcset=\"http:\/\/parkpravikov.cz\/wp-content\/uploads\/2022\/09\/WhatsApp-Image-2022-09-26-at-18.14.10-1-755x1024.jpeg 755w, http:\/\/parkpravikov.cz\/wp-content\/uploads\/2022\/09\/WhatsApp-Image-2022-09-26-at-18.14.10-1-221x300.jpeg 221w, http:\/\/parkpravikov.cz\/wp-content\/uploads\/2022\/09\/WhatsApp-Image-2022-09-26-at-18.14.10-1-768x1042.jpeg 768w, http:\/\/parkpravikov.cz\/wp-content\/uploads\/2022\/09\/WhatsApp-Image-2022-09-26-at-18.14.10-1-1132x1536.jpeg 1132w, http:\/\/parkpravikov.cz\/wp-content\/uploads\/2022\/09\/WhatsApp-Image-2022-09-26-at-18.14.10-1-9x12.jpeg 9w, http:\/\/parkpravikov.cz\/wp-content\/uploads\/2022\/09\/WhatsApp-Image-2022-09-26-at-18.14.10-1.jpeg 1179w\" sizes=\"(max-width: 755px) 100vw, 755px\" \/>\t\t\t\t\t\t\t\t<\/a>\r\n\t\t\t\t\t\t\t\t\t\t\t\t\t\t<\/div>\r\n\t\t\t\t\t\t<\/div>\r\n\t\t\t\t<\/div>\r\n\t\t\t\t\t\t<\/div>\r\n\t\t\t\t\t<\/div>\r\n\t\t<\/div>\r\n\t\t\t\t\t\t\t\t<\/div>\r\n\t\t\t\t\t<\/div>\r\n\t\t<\/section>\r\n\t\t\t\t<section class=\"elementor-section elementor-top-section elementor-element elementor-element-cbb4988 elementor-section-boxed elementor-section-height-default elementor-section-height-default\" data-id=\"cbb4988\" data-element_type=\"section\">\r\n\t\t\t\t\t\t<div class=\"elementor-container elementor-column-gap-default\">\r\n\t\t\t\t\t\t\t<div class=\"elementor-row\">\r\n\t\t\t\t\t<div class=\"elementor-column elementor-col-100 elementor-top-column elementor-element elementor-element-5fc25f6\" data-id=\"5fc25f6\" data-element_type=\"column\">\r\n\t\t\t<div class=\"elementor-column-wrap elementor-element-populated\">\r\n\t\t\t\t\t\t\t<div class=\"elementor-widget-wrap\">\r\n\t\t\t\t\t\t<div class=\"elementor-element elementor-element-ced483d elementor-widget elementor-widget-google_maps\" data-id=\"ced483d\" data-element_type=\"widget\" data-widget_type=\"google_maps.default\">\r\n\t\t\t\t<div class=\"elementor-widget-container\">\r\n\t\t\t\t\t<div class=\"elementor-custom-embed\">\r\n\t\t\t<iframe frameborder=\"0\" scrolling=\"no\" marginheight=\"0\" marginwidth=\"0\"\r\n\t\t\t\t\tsrc=\"https:\/\/maps.google.com\/maps?q=U%20Sovov%C3%BDch%20ml%C3%BDn%C5%AF%201%2C%20Praha%201&#038;t=m&#038;z=15&#038;output=embed&#038;iwloc=near\"\r\n\t\t\t\t\ttitle=\"U Sovov\u00fdch ml\u00fdn\u016f 1, Praha 1\"\r\n\t\t\t\t\taria-label=\"U Sovov\u00fdch ml\u00fdn\u016f 1, Praha 1\"\r\n\t\t\t><\/iframe>\r\n\t\t<\/div>\r\n\t\t\t\t<\/div>\r\n\t\t\t\t<\/div>\r\n\t\t\t\t\t\t<\/div>\r\n\t\t\t\t\t<\/div>\r\n\t\t<\/div>\r\n\t\t\t\t\t\t\t\t<\/div>\r\n\t\t\t\t\t<\/div>\r\n\t\t<\/section>\r\n\t\t\t\t\t\t<\/div>\r\n\t\t\t\t\t\t<\/div>\r\n\t\t\t\t\t<\/div>","protected":false},"excerpt":{"rendered":"<p>2.\u0159\u00edjna 2022 Mezin\u00e1rodn\u00ed den nen\u00e1sil\u00ed. KAV\u00c1RNA NA T\u00c9MA:<br \/>\nJAK POS\u00cdLIT D\u016eV\u011aRU V LIDSK\u00dd SV\u011aT<br \/>\n16 -18 hod.<\/p>\n<p>OSLAVA VNIT\u0158N\u00cd S\u00cdLY A SPOLE\u010cN\u00c9HO DUCHA NEN\u00c1SIL\u00cd<\/p>","protected":false},"author":9,"featured_media":4617,"comment_status":"closed","ping_status":"open","sticky":false,"template":"","format":"standard","meta":[],"categories":[5,6,4],"tags":[],"_links":{"self":[{"href":"http:\/\/parkpravikov.cz\/en\/wp-json\/wp\/v2\/posts\/4616"}],"collection":[{"href":"http:\/\/parkpravikov.cz\/en\/wp-json\/wp\/v2\/posts"}],"about":[{"href":"http:\/\/parkpravikov.cz\/en\/wp-json\/wp\/v2\/types\/post"}],"author":[{"embeddable":true,"href":"http:\/\/parkpravikov.cz\/en\/wp-json\/wp\/v2\/users\/9"}],"replies":[{"embeddable":true,"href":"http:\/\/parkpravikov.cz\/en\/wp-json\/wp\/v2\/comments?post=4616"}],"version-history":[{"count":7,"href":"http:\/\/parkpravikov.cz\/en\/wp-json\/wp\/v2\/posts\/4616\/revisions"}],"predecessor-version":[{"id":4625,"href":"http:\/\/parkpravikov.cz\/en\/wp-json\/wp\/v2\/posts\/4616\/revisions\/4625"}],"wp:featuredmedia":[{"embeddable":true,"href":"http:\/\/parkpravikov.cz\/en\/wp-json\/wp\/v2\/media\/4617"}],"wp:attachment":[{"href":"http:\/\/parkpravikov.cz\/en\/wp-json\/wp\/v2\/media?parent=4616"}],"wp:term":[{"taxonomy":"category","embeddable":true,"href":"http:\/\/parkpravikov.cz\/en\/wp-json\/wp\/v2\/categories?post=4616"},{"taxonomy":"post_tag","embeddable":true,"href":"http:\/\/parkpravikov.cz\/en\/wp-json\/wp\/v2\/tags?post=4616"}],"curies":[{"name":"wp","href":"https:\/\/api.w.org\/{rel}","templated":true}]}}