{"id":4546,"date":"2022-04-04T13:37:00","date_gmt":"2022-04-04T13:37:00","guid":{"rendered":"http:\/\/parkpravikov.cz\/?p=4546"},"modified":"2022-04-12T14:53:03","modified_gmt":"2022-04-12T14:53:03","slug":"zahajili-jsme-financni-sbirku","status":"publish","type":"post","link":"http:\/\/parkpravikov.cz\/en\/zahajili-jsme-financni-sbirku\/","title":{"rendered":"Zah\u00e1jili jsme finan\u010dn\u00ed sb\u00edrku"},"content":{"rendered":"<figure class=\"wp-block-image size-large\"><img loading=\"lazy\" width=\"1024\" height=\"174\" src=\"http:\/\/parkpravikov.cz\/wp-content\/uploads\/2022\/04\/banner_FK2022_homepage_4.4_eng.jpg\" alt=\"\" class=\"wp-image-4401\" srcset=\"http:\/\/parkpravikov.cz\/wp-content\/uploads\/2022\/04\/banner_FK2022_homepage_4.4_eng.jpg 1587w, http:\/\/parkpravikov.cz\/wp-content\/uploads\/2022\/04\/banner_FK2022_homepage_4.4_eng-300x51.jpg 300w, http:\/\/parkpravikov.cz\/wp-content\/uploads\/2022\/04\/banner_FK2022_homepage_4.4_eng-1024x174.jpg 1024w, http:\/\/parkpravikov.cz\/wp-content\/uploads\/2022\/04\/banner_FK2022_homepage_4.4_eng-768x131.jpg 768w, http:\/\/parkpravikov.cz\/wp-content\/uploads\/2022\/04\/banner_FK2022_homepage_4.4_eng-1536x261.jpg 1536w, http:\/\/parkpravikov.cz\/wp-content\/uploads\/2022\/04\/banner_FK2022_homepage_4.4_eng-18x3.jpg 18w\" sizes=\"(max-width: 1024px) 100vw, 1024px\" \/><\/figure>\n\n\n\n<p>Od 4.4.2022 do 6.6.2022 b\u011b\u017e\u00ed finan\u010dn\u00ed sb\u00edrka na dokon\u010den\u00ed rekonstrukce spojovac\u00ed budovy v Parku studi\u00ed a reflexe Prav\u00edkov. C\u00edlem je vybrat 450 000K\u010d, postavit velkou m\u00edstnost na semin\u00e1\u0159e, meditace a studium, dva dal\u0161\u00ed pokoje a koupelnu s p\u0159\u00edslu\u0161enstv\u00edm. V\u00edce informac\u00ed o tom jak se do sb\u00edrky m\u016f\u017eete zapojit naleznete na str\u00e1nce <a href=\"http:\/\/parkpravikov.cz\/en\/chci-podporit\/\" data-type=\"page\" data-id=\"4002\">Support the Park<\/a>. Moc uv\u00edt\u00e1me i sd\u00edlen\u00ed p\u0159\u00edsp\u011bvk\u016f na na\u0161\u00ed <a rel=\"noreferrer noopener\" href=\"http:\/\/facebook.com\/parkpravikov\" target=\"_blank\">Facebookov\u00e9 str\u00e1nce<\/a> nebo rozes\u00edl\u00e1n\u00ed mail\u016f sv\u00fdm p\u0159\u00e1tel\u016fm (v p\u0159\u00edpad\u011b z\u00e1jmu o vzorov\u00fd email, <a href=\"mailto:info@parkpravikov.cz\">n\u00e1s kontaktujte<\/a>). <\/p>\n\n\n\n<p>Rekonstrukce bude prob\u00edhat p\u0159ev\u00e1\u017en\u011b sv\u00e9pomoc\u00ed v r\u00e1mci n\u011bkolika spole\u010dn\u00fdch jarn\u00edch a letn\u00edch pracovn\u00edch t\u00fddn\u016f a v\u00edkend\u016f. Budeme r\u00e1di kdy\u017e se na nich s v\u00e1mi potk\u00e1me.<\/p>\n\n\n\n<p>Zde p\u0159ehled pl\u00e1novan\u00fdch jarn\u00edch a letn\u00edch akc\u00ed:<\/p>\n\n\n<ul class=\"wp-block-latest-posts__list alignleft wp-block-latest-posts\"><li><a href=\"http:\/\/parkpravikov.cz\/en\/spolecna-zadost-za-mir-a-hlubokou-zmenu\/\">Spole\u010dn\u00e1 \u017e\u00e1dost za m\u00edr a hlubokou zm\u011bnu<\/a><\/li>\n<li><a href=\"http:\/\/parkpravikov.cz\/en\/oslava-zimniho-slunovratu-2\/\">Oslava zimn\u00edho slunovratu<\/a><\/li>\n<li><a href=\"http:\/\/parkpravikov.cz\/en\/pokrytectvi-zapadu-krize-hodnot-imigrace-a-rozvojovy-svet\/\">Pokrytectv\u00ed Z\u00e1padu, krize hodnot, imigrace a rozvojov\u00fd sv\u011bt<\/a><\/li>\n<li><a href=\"http:\/\/parkpravikov.cz\/en\/setkani-k-reflexi-alegorie-cesty-odyssea\/\">Setk\u00e1n\u00ed k reflexi &#8211; Alegorie cesty Odyssea<\/a><\/li>\n<\/ul>\n\n\n<p><br><\/p>\n\n\n\n<p><br><\/p>\n\n\n\n<p><br><\/p>\n\n\n\n<p>Tady je ke shl\u00e9dnut\u00ed video p\u0159edstavuj\u00edc\u00ed projekt Parku studi\u00ed a reflexe Prav\u00edkov:<\/p>\n\n\n\n<figure class=\"wp-block-embed is-type-video is-provider-youtube wp-block-embed-youtube wp-embed-aspect-16-9 wp-has-aspect-ratio\"><div class=\"wp-block-embed__wrapper\">\n<iframe loading=\"lazy\" title=\"Park Prav\u00edkov od roku 2011\" width=\"800\" height=\"450\" src=\"https:\/\/www.youtube.com\/embed\/kf29w1UXLWc?feature=oembed\" frameborder=\"0\" allow=\"accelerometer; autoplay; clipboard-write; encrypted-media; gyroscope; picture-in-picture\" allowfullscreen><\/iframe>\n<\/div><\/figure>","protected":false},"excerpt":{"rendered":"<p>Od 4.4.2022 do 6.6.2022 b\u011b\u017e\u00ed finan\u010dn\u00ed sb\u00edrka na dokon\u010den\u00ed rekonstrukce spojovac\u00ed budovy v Parku studi\u00ed a reflexe Prav\u00edkov. C\u00edlem je vybrat 450 000K\u010d, postavit velkou m\u00edstnost na semin\u00e1\u0159e, meditace a studium, dva dal\u0161\u00ed pokoje a koupelnu s p\u0159\u00edslu\u0161enstv\u00edm. V\u00edce informac\u00ed o tom jak se do sb\u00edrky m\u016f\u017eete zapojit naleznete na str\u00e1nce Chci podpo\u0159it. Moc uv\u00edt\u00e1me [&hellip;]<\/p>","protected":false},"author":9,"featured_media":4397,"comment_status":"open","ping_status":"open","sticky":false,"template":"","format":"standard","meta":[],"categories":[1],"tags":[],"_links":{"self":[{"href":"http:\/\/parkpravikov.cz\/en\/wp-json\/wp\/v2\/posts\/4546"}],"collection":[{"href":"http:\/\/parkpravikov.cz\/en\/wp-json\/wp\/v2\/posts"}],"about":[{"href":"http:\/\/parkpravikov.cz\/en\/wp-json\/wp\/v2\/types\/post"}],"author":[{"embeddable":true,"href":"http:\/\/parkpravikov.cz\/en\/wp-json\/wp\/v2\/users\/9"}],"replies":[{"embeddable":true,"href":"http:\/\/parkpravikov.cz\/en\/wp-json\/wp\/v2\/comments?post=4546"}],"version-history":[{"count":6,"href":"http:\/\/parkpravikov.cz\/en\/wp-json\/wp\/v2\/posts\/4546\/revisions"}],"predecessor-version":[{"id":4553,"href":"http:\/\/parkpravikov.cz\/en\/wp-json\/wp\/v2\/posts\/4546\/revisions\/4553"}],"wp:featuredmedia":[{"embeddable":true,"href":"http:\/\/parkpravikov.cz\/en\/wp-json\/wp\/v2\/media\/4397"}],"wp:attachment":[{"href":"http:\/\/parkpravikov.cz\/en\/wp-json\/wp\/v2\/media?parent=4546"}],"wp:term":[{"taxonomy":"category","embeddable":true,"href":"http:\/\/parkpravikov.cz\/en\/wp-json\/wp\/v2\/categories?post=4546"},{"taxonomy":"post_tag","embeddable":true,"href":"http:\/\/parkpravikov.cz\/en\/wp-json\/wp\/v2\/tags?post=4546"}],"curies":[{"name":"wp","href":"https:\/\/api.w.org\/{rel}","templated":true}]}}