{"id":440,"date":"2012-01-15T21:07:07","date_gmt":"2012-01-15T20:07:07","guid":{"rendered":"\/?p=440"},"modified":"2012-12-31T01:17:29","modified_gmt":"2012-12-31T00:17:29","slug":"obrad-ohne-prace-s-ohnem-prace-v-remeslnych-dilnach","status":"publish","type":"post","link":"http:\/\/parkpravikov.cz\/en\/obrad-ohne-prace-s-ohnem-prace-v-remeslnych-dilnach\/","title":{"rendered":"Ob\u0159ad Ohn\u011b &#8211; Pr\u00e1ce s ohn\u011bm, pr\u00e1ce v \u0159emesln\u00fdch d\u00edln\u00e1ch"},"content":{"rendered":"<p><a href=\"\/en\/blog\/2012\/01\/15\/obrad-ohne-prace-s-ohnem-prace-v-remeslnych-dilnach\/ohen\/\" rel=\"attachment wp-att-443\"><img loading=\"lazy\" class=\"alignleft size-thumbnail wp-image-443\" src=\"\/wp-content\/uploads\/2012\/01\/ohen-150x96.png\" alt=\"Ob\u0159ad ohn\u011b\" width=\"150\" height=\"96\" \/><\/a><strong>Prvn\u00ed setk\u00e1n\u00ed s pracemi v d\u00edln\u011b\u00a0v Parku Prav\u00edkov bude od p\u00e1te\u010dn\u00edho ve\u010dera 27.1. do sobotn\u00edho ve\u010dera 28.1.<\/strong><\/p>\n<p>Historie ohn\u011b je pevn\u011b spjata s histori\u00ed a rozvojem \u010dlov\u011bka, s duchovnost\u00ed, p\u0159edstavou vesm\u00edru, s psychologi\u00ed i se spole\u010densk\u00fdm a technologick\u00fdm v\u00fdvojem. Jeho intuice i pozorov\u00e1n\u00ed, pr\u00e1ce trvaj\u00edc\u00ed tis\u00edce let, to v\u0161e co vedlo k t\u011bm nejd\u016fle\u017eit\u011bj\u0161\u00edm pokrok\u016fm &#8211; od uchov\u00e1n\u00ed ohn\u011b a\u017e po jeho vytv\u00e1\u0159en\u00ed, pozn\u00e1v\u00e1n\u00ed jak zvy\u0161ovat teplotu d\u00edky pec\u00edm a jeho pou\u017eit\u00ed k v\u00fdrob\u011b r\u016fzn\u00fdch p\u0159edm\u011bt\u016f\u2026to nejsou jen vn\u011bj\u0161\u00ed miln\u00edky, jsou to projevy vnit\u0159n\u00edch proces\u016f, vztah\u016f a nov\u00fdch pochopen\u00ed uvnit\u0159 \u010dlov\u011bka. Pr\u00e1ce s ohn\u011bm, pecemi, pr\u00e1ce spojen\u00e9 s p\u0159em\u011bnou hmoty jsou zp\u016fsobem, jak se p\u0159ibl\u00ed\u017eit tomuto historick\u00e9mu procesu.<\/p>\n<p><!--more--><\/p>\n<p>D\u00edlna u\u010d\u00ed vytv\u00e1\u0159et vnit\u0159n\u00ed proporci a tak\u00e9 zp\u016fsob, jak pracovat vyrovnan\u011b. P\u0159i t\u00e9to vn\u011bj\u0161\u00ed \u010dinnosti \u0159e\u0161\u00edme probl\u00e9my p\u0159esnosti a podrobnost\u00ed, a postupn\u011b tak vytv\u00e1\u0159\u00edme vnit\u0159n\u00ed proporce. Vnit\u0159n\u00ed stavy jsou s vn\u011bj\u0161\u00edmi operacemi spojeny ur\u010dit\u00fdm t\u00f3nem.<br \/>\nV \u0159emesln\u00fdch d\u00edln\u00e1ch se pracuje ve snaze nab\u00fdt p\u0159esnosti, proporce a \u0159\u00e1du, p\u0159i\u010dem\u017e se pomalu dosahuje st\u00e1losti a vyv\u00e1\u017eenosti. Vedle tohoto \u201epsychologick\u00e9ho tr\u00e9ninku\u201c, mohou b\u00fdt \u0159emesla tak\u00e9 d\u016fle\u017eitou a hlubokou studnic\u00ed inspirace.<\/p>\n<p>Prvn\u00ed etapa zahrnuje udr\u017eov\u00e1n\u00ed a rozd\u011bl\u00e1v\u00e1n\u00ed ohn\u011b. V n\u00e1sleduj\u00edc\u00ed etap\u011b za\u010d\u00edn\u00e1 pr\u00e1ce s materi\u00e1ly za studena (mramor, prysky\u0159ice, s\u00e1dra, cement atd.) a s formami, kter\u00e9 jim odpov\u00eddaj\u00ed. N\u00e1sleduj\u00edc\u00ed etapa je v\u011bnovan\u00e1 pr\u00e1ci se st\u00e1le vy\u0161\u0161\u00edmi teplotami, a to v n\u00e1sleduj\u00edc\u00edm po\u0159ad\u00ed: nejprve keramika a potom kovy jako c\u00edn, hlin\u00edk, m\u011b\u010f, bronz a \u017eelezo. Pr\u00e1ce s teplotami zahrnuje zach\u00e1zen\u00ed s vhodn\u00fdmi formami, n\u00e1\u0159ad\u00edm a s pecemi.<\/p>\n<p><strong>Prvn\u00ed etapa &#8211; Ohe\u0148<\/strong><br \/>\n\u2022 Pr\u00e1ce s ohn\u011bm &#8211; uchov\u00e1n\u00ed, p\u0159en\u00e1\u0161en\u00ed a rozd\u011bl\u00e1n\u00ed ohn\u011b k\u0159es\u00e1n\u00edm kameny<br \/>\n\u2022 Sb\u011br hl\u00edny, v\u00fdroba jednoduch\u00e9 p\u00edcky z hl\u00edny<br \/>\n\u2022 Udr\u017eov\u00e1n\u00ed teploty, jej\u00ed rozpt\u00fdlen\u00ed a jej\u00ed soust\u0159ed\u011bn\u00ed<\/p>\n<p><span style=\"font-size: medium\"><strong>Druh\u00e1 etapa &#8211; Pr\u00e1ce s materi\u00e1ly \u201eza studena\u201c<\/strong><\/span><br \/>\n\u2022 Pr\u00e1ce v d\u00edln\u011b s materi\u00e1ly za studena &#8211; vosk, kau\u010duk, prysky\u0159ice, s\u00e1dra a cement<br \/>\n\u2022 V\u00fdroba p\u0159edm\u011bt\u016f a jejich kopi\u00ed, v\u00fdroba formy<br \/>\n\u2022 \u010ci\u0161t\u011bn\u00ed, brou\u0161en\u00ed a le\u0161t\u011bn\u00ed p\u0159edm\u011bt\u016f<\/p>\n<p><strong>T\u0159et\u00ed etapa &#8211; Keramika<\/strong><br \/>\n\u2022 Pr\u00e1ce s keramickou hl\u00ednou a glazurou<br \/>\n\u2022 V\u00fdroba jednoduch\u00e9 pece na vypalov\u00e1n\u00ed hl\u00edny a keramiky<br \/>\n\u2022 Technika \u201eafrick\u00e9 raku\u201c, v\u00fdroba forem ze s\u00e1dry ze 2 odlitk\u016f<br \/>\n\u2022 V\u00fdroba pece na plyn (Tacho)<\/p>\n<p><strong>\u010ctvrt\u00e1 etapa &#8211; Kovy<\/strong><br \/>\n\u2022 Pr\u00e1ce s kovy &#8211; c\u00edn, m\u011b\u010f, mosaz, bronz, \u017eelezo<br \/>\n\u2022 Pr\u00e1ce s pec\u00ed Tacho a s v\u00fdhn\u00ed<br \/>\n\u2022 P\u0159\u00edprava r\u016fzn\u00fdch druh\u016f forem ze s\u00e1dry, k\u0159emene a k\u0159emenn\u00e9ho p\u00edsku<br \/>\n\u2022 V\u00fdroba kel\u00edmk\u016f a kovov\u00fdch n\u00e1stroj\u016f pot\u0159ebn\u00fdch p\u0159i pr\u00e1ci<\/p>\n<p><strong>P\u00e1t\u00e1 etapa &#8211; Sklo<\/strong><br \/>\n\u2022 Sklo foukan\u00e9, lit\u00e9 a odl\u00e9van\u00e9<br \/>\n\u2022 Stavba plynov\u00e9 a muflov\u00e9 pece<br \/>\n\u2022 V\u00fdroba n\u00e1stroj\u016f<br \/>\n\u2022 Pr\u00e1ce s oxidy, formami a povrchov\u00e9 \u00fapravy<\/p>\n<p><span style=\"font-size: large\"><strong><br \/>\nPro v\u0161echny z\u00e1jemce:<br \/>\nPrvn\u00ed setk\u00e1n\u00ed s pracemi v d\u00edln\u011b\u00a0v Parku Prav\u00edkov bude od p\u00e1te\u010dn\u00edho ve\u010dera 27.1. do sobotn\u00edho ve\u010dera 28.1.<\/strong><\/span><\/p>\n<p><strong><em>Rezervace \u00fa\u010dasti a v\u00edce informac\u00ed na tel. 608 731 162 nebo e-mailu: janb@volny.cz<\/em><\/strong><\/p>\n<div id='gallery-1' class='gallery galleryid-440 gallery-columns-3 gallery-size-thumbnail'><figure class='gallery-item'>\r\n\t\t\t<div class='gallery-icon landscape'>\r\n\t\t\t\t<a href='http:\/\/parkpravikov.cz\/en\/obrad-ohne-prace-s-ohnem-prace-v-remeslnych-dilnach\/penos-ohne-picka_sm\/'><img width=\"150\" height=\"150\" src=\"http:\/\/parkpravikov.cz\/wp-content\/uploads\/2012\/01\/penos-ohne-picka_sm-150x150.png\" class=\"attachment-thumbnail size-thumbnail\" alt=\"\" loading=\"lazy\" \/><\/a>\r\n\t\t\t<\/div><\/figure><figure class='gallery-item'>\r\n\t\t\t<div class='gallery-icon landscape'>\r\n\t\t\t\t<a href='http:\/\/parkpravikov.cz\/en\/obrad-ohne-prace-s-ohnem-prace-v-remeslnych-dilnach\/picka\/'><img width=\"150\" height=\"150\" src=\"http:\/\/parkpravikov.cz\/wp-content\/uploads\/2012\/01\/picka-150x150.jpg\" class=\"attachment-thumbnail size-thumbnail\" alt=\"\" loading=\"lazy\" \/><\/a>\r\n\t\t\t<\/div><\/figure><figure class='gallery-item'>\r\n\t\t\t<div class='gallery-icon landscape'>\r\n\t\t\t\t<a href='http:\/\/parkpravikov.cz\/en\/obrad-ohne-prace-s-ohnem-prace-v-remeslnych-dilnach\/forma\/'><img width=\"150\" height=\"150\" src=\"http:\/\/parkpravikov.cz\/wp-content\/uploads\/2012\/01\/forma-150x150.png\" class=\"attachment-thumbnail size-thumbnail\" alt=\"\" loading=\"lazy\" \/><\/a>\r\n\t\t\t<\/div><\/figure><figure class='gallery-item'>\r\n\t\t\t<div class='gallery-icon'>\r\n\t\t\t\t<a href='http:\/\/parkpravikov.cz\/en\/obrad-ohne-prace-s-ohnem-prace-v-remeslnych-dilnach\/offuego\/'>ohe\u0148 v peci<\/a>\r\n\t\t\t<\/div><\/figure><figure class='gallery-item'>\r\n\t\t\t<div class='gallery-icon'>\r\n\t\t\t\t<a href='http:\/\/parkpravikov.cz\/en\/obrad-ohne-prace-s-ohnem-prace-v-remeslnych-dilnach\/keramika\/'>keramika<\/a>\r\n\t\t\t<\/div><\/figure><figure class='gallery-item'>\r\n\t\t\t<div class='gallery-icon'>\r\n\t\t\t\t<a href='http:\/\/parkpravikov.cz\/en\/obrad-ohne-prace-s-ohnem-prace-v-remeslnych-dilnach\/predmet-vazicka\/'>keramika<\/a>\r\n\t\t\t<\/div><\/figure><figure class='gallery-item'>\r\n\t\t\t<div class='gallery-icon'>\r\n\t\t\t\t<a href='http:\/\/parkpravikov.cz\/en\/obrad-ohne-prace-s-ohnem-prace-v-remeslnych-dilnach\/predmet-tvar\/'>prysky\u0159ice<\/a>\r\n\t\t\t<\/div><\/figure><figure class='gallery-item'>\r\n\t\t\t<div class='gallery-icon'>\r\n\t\t\t\t<a href='http:\/\/parkpravikov.cz\/en\/obrad-ohne-prace-s-ohnem-prace-v-remeslnych-dilnach\/predmet-ruka\/'>ruka - prysky\u0159ice<\/a>\r\n\t\t\t<\/div><\/figure><figure class='gallery-item'>\r\n\t\t\t<div class='gallery-icon landscape'>\r\n\t\t\t\t<a href='http:\/\/parkpravikov.cz\/en\/obrad-ohne-prace-s-ohnem-prace-v-remeslnych-dilnach\/predmet-venuse\/'><img width=\"150\" height=\"150\" src=\"http:\/\/parkpravikov.cz\/wp-content\/uploads\/2012\/01\/predmet-venuse-150x150.png\" class=\"attachment-thumbnail size-thumbnail\" alt=\"\" loading=\"lazy\" \/><\/a>\r\n\t\t\t<\/div><\/figure><figure class='gallery-item'>\r\n\t\t\t<div class='gallery-icon'>\r\n\t\t\t\t<a href='http:\/\/parkpravikov.cz\/en\/obrad-ohne-prace-s-ohnem-prace-v-remeslnych-dilnach\/predmet-budha\/'>Buddha - prysky\u0159ice<\/a>\r\n\t\t\t<\/div><\/figure><figure class='gallery-item'>\r\n\t\t\t<div class='gallery-icon landscape'>\r\n\t\t\t\t<a href='http:\/\/parkpravikov.cz\/en\/obrad-ohne-prace-s-ohnem-prace-v-remeslnych-dilnach\/predmety-formy\/'><img width=\"150\" height=\"150\" src=\"http:\/\/parkpravikov.cz\/wp-content\/uploads\/2012\/01\/predmety-formy-150x150.png\" class=\"attachment-thumbnail size-thumbnail\" alt=\"\" loading=\"lazy\" \/><\/a>\r\n\t\t\t<\/div><\/figure><figure class='gallery-item'>\r\n\t\t\t<div class='gallery-icon landscape'>\r\n\t\t\t\t<a href='http:\/\/parkpravikov.cz\/en\/obrad-ohne-prace-s-ohnem-prace-v-remeslnych-dilnach\/predmety-kov\/'><img width=\"150\" height=\"150\" src=\"http:\/\/parkpravikov.cz\/wp-content\/uploads\/2012\/01\/predmety-kov-150x150.png\" class=\"attachment-thumbnail size-thumbnail\" alt=\"\" loading=\"lazy\" \/><\/a>\r\n\t\t\t<\/div><\/figure><figure class='gallery-item'>\r\n\t\t\t<div class='gallery-icon landscape'>\r\n\t\t\t\t<a href='http:\/\/parkpravikov.cz\/en\/obrad-ohne-prace-s-ohnem-prace-v-remeslnych-dilnach\/ohen\/'><img width=\"150\" height=\"150\" src=\"http:\/\/parkpravikov.cz\/wp-content\/uploads\/2012\/01\/ohen-150x150.png\" class=\"attachment-thumbnail size-thumbnail\" alt=\"Ob\u0159ad ohn\u011b\" loading=\"lazy\" \/><\/a>\r\n\t\t\t<\/div><\/figure><figure class='gallery-item'>\r\n\t\t\t<div class='gallery-icon'>\r\n\t\t\t\t<a href='http:\/\/parkpravikov.cz\/en\/obrad-ohne-prace-s-ohnem-prace-v-remeslnych-dilnach\/liti-zeleza\/'>Taven\u00ed \u017eeleza<\/a>\r\n\t\t\t<\/div><\/figure><figure class='gallery-item'>\r\n\t\t\t<div class='gallery-icon landscape'>\r\n\t\t\t\t<a href='http:\/\/parkpravikov.cz\/en\/obrad-ohne-prace-s-ohnem-prace-v-remeslnych-dilnach\/pec-stavba\/'><img width=\"150\" height=\"150\" src=\"http:\/\/parkpravikov.cz\/wp-content\/uploads\/2012\/01\/pec-stavba-150x150.png\" class=\"attachment-thumbnail size-thumbnail\" alt=\"\" loading=\"lazy\" \/><\/a>\r\n\t\t\t<\/div><\/figure><figure class='gallery-item'>\r\n\t\t\t<div class='gallery-icon portrait'>\r\n\t\t\t\t<a href='http:\/\/parkpravikov.cz\/en\/obrad-ohne-prace-s-ohnem-prace-v-remeslnych-dilnach\/pec\/'><img width=\"150\" height=\"150\" src=\"http:\/\/parkpravikov.cz\/wp-content\/uploads\/2012\/01\/pec-150x150.png\" class=\"attachment-thumbnail size-thumbnail\" alt=\"\" loading=\"lazy\" \/><\/a>\r\n\t\t\t<\/div><\/figure><figure class='gallery-item'>\r\n\t\t\t<div class='gallery-icon landscape'>\r\n\t\t\t\t<a href='http:\/\/parkpravikov.cz\/en\/obrad-ohne-prace-s-ohnem-prace-v-remeslnych-dilnach\/dragon9-mikebuda\/'><img width=\"150\" height=\"150\" src=\"http:\/\/parkpravikov.cz\/wp-content\/uploads\/2012\/01\/dragon9-mikebuda-150x150.jpg\" class=\"attachment-thumbnail size-thumbnail\" alt=\"\" loading=\"lazy\" \/><\/a>\r\n\t\t\t<\/div><\/figure><figure class='gallery-item'>\r\n\t\t\t<div class='gallery-icon landscape'>\r\n\t\t\t\t<a href='http:\/\/parkpravikov.cz\/en\/obrad-ohne-prace-s-ohnem-prace-v-remeslnych-dilnach\/minolta-digital-camera\/'><img width=\"150\" height=\"150\" src=\"http:\/\/parkpravikov.cz\/wp-content\/uploads\/2012\/01\/dragon3-mikebuda-150x150.jpg\" class=\"attachment-thumbnail size-thumbnail\" alt=\"\" loading=\"lazy\" \/><\/a>\r\n\t\t\t<\/div><\/figure><figure class='gallery-item'>\r\n\t\t\t<div class='gallery-icon'>\r\n\t\t\t\t<a href='http:\/\/parkpravikov.cz\/en\/obrad-ohne-prace-s-ohnem-prace-v-remeslnych-dilnach\/pec-dragon-mikebuda\/'>pec \"drak\"  v akci <\/a>\r\n\t\t\t<\/div><\/figure>\r\n\t\t<\/div>\n\n<p><iframe loading=\"lazy\" title=\"Pr\u00e1ce s ohn\u011bm\" width=\"800\" height=\"450\" src=\"https:\/\/www.youtube.com\/embed\/cJqZ3n6OGXA?feature=oembed\" frameborder=\"0\" allow=\"accelerometer; autoplay; clipboard-write; encrypted-media; gyroscope; picture-in-picture\" allowfullscreen><\/iframe><\/p>","protected":false},"excerpt":{"rendered":"<p>Prvn\u00ed setk\u00e1n\u00ed s pracemi v d\u00edln\u011b\u00a0v Parku Prav\u00edkov bude od p\u00e1te\u010dn\u00edho ve\u010dera 27.1. do sobotn\u00edho ve\u010dera 28.1. Historie ohn\u011b je pevn\u011b spjata s histori\u00ed a rozvojem \u010dlov\u011bka, s duchovnost\u00ed, p\u0159edstavou vesm\u00edru, s psychologi\u00ed i se spole\u010densk\u00fdm a technologick\u00fdm v\u00fdvojem. Jeho intuice i pozorov\u00e1n\u00ed, pr\u00e1ce trvaj\u00edc\u00ed tis\u00edce let, to v\u0161e co vedlo k t\u011bm nejd\u016fle\u017eit\u011bj\u0161\u00edm pokrok\u016fm [&hellip;]<\/p>","protected":false},"author":23,"featured_media":0,"comment_status":"closed","ping_status":"closed","sticky":false,"template":"","format":"standard","meta":[],"categories":[6,4],"tags":[],"_links":{"self":[{"href":"http:\/\/parkpravikov.cz\/en\/wp-json\/wp\/v2\/posts\/440"}],"collection":[{"href":"http:\/\/parkpravikov.cz\/en\/wp-json\/wp\/v2\/posts"}],"about":[{"href":"http:\/\/parkpravikov.cz\/en\/wp-json\/wp\/v2\/types\/post"}],"author":[{"embeddable":true,"href":"http:\/\/parkpravikov.cz\/en\/wp-json\/wp\/v2\/users\/23"}],"replies":[{"embeddable":true,"href":"http:\/\/parkpravikov.cz\/en\/wp-json\/wp\/v2\/comments?post=440"}],"version-history":[{"count":29,"href":"http:\/\/parkpravikov.cz\/en\/wp-json\/wp\/v2\/posts\/440\/revisions"}],"predecessor-version":[{"id":1399,"href":"http:\/\/parkpravikov.cz\/en\/wp-json\/wp\/v2\/posts\/440\/revisions\/1399"}],"wp:attachment":[{"href":"http:\/\/parkpravikov.cz\/en\/wp-json\/wp\/v2\/media?parent=440"}],"wp:term":[{"taxonomy":"category","embeddable":true,"href":"http:\/\/parkpravikov.cz\/en\/wp-json\/wp\/v2\/categories?post=440"},{"taxonomy":"post_tag","embeddable":true,"href":"http:\/\/parkpravikov.cz\/en\/wp-json\/wp\/v2\/tags?post=440"}],"curies":[{"name":"wp","href":"https:\/\/api.w.org\/{rel}","templated":true}]}}