{"id":4391,"date":"2022-03-04T10:49:58","date_gmt":"2022-03-04T10:49:58","guid":{"rendered":"http:\/\/parkpravikov.cz\/?p=4391"},"modified":"2022-09-26T20:35:28","modified_gmt":"2022-09-26T20:35:28","slug":"pracovni-kveten-6-22-5-2022","status":"publish","type":"post","link":"http:\/\/parkpravikov.cz\/en\/pracovni-kveten-6-22-5-2022\/","title":{"rendered":"Kv\u011btnov\u00e9 dny rozvoje Parku Prav\u00edkov 11.-22.5.2022"},"content":{"rendered":"<figure class=\"wp-block-image size-large\"><img loading=\"lazy\" width=\"1024\" height=\"473\" src=\"http:\/\/parkpravikov.cz\/wp-content\/uploads\/2022\/03\/IMG_20210830_181722-1024x473.jpg\" alt=\"\" class=\"wp-image-4392\" srcset=\"http:\/\/parkpravikov.cz\/wp-content\/uploads\/2022\/03\/IMG_20210830_181722-1024x473.jpg 1024w, http:\/\/parkpravikov.cz\/wp-content\/uploads\/2022\/03\/IMG_20210830_181722-300x138.jpg 300w, http:\/\/parkpravikov.cz\/wp-content\/uploads\/2022\/03\/IMG_20210830_181722-768x354.jpg 768w, http:\/\/parkpravikov.cz\/wp-content\/uploads\/2022\/03\/IMG_20210830_181722-1536x709.jpg 1536w, http:\/\/parkpravikov.cz\/wp-content\/uploads\/2022\/03\/IMG_20210830_181722-2048x945.jpg 2048w, http:\/\/parkpravikov.cz\/wp-content\/uploads\/2022\/03\/IMG_20210830_181722-16x7.jpg 16w\" sizes=\"(max-width: 1024px) 100vw, 1024px\" \/><\/figure>\n\n\n\n<p>B\u011bhem dvou t\u00fddn\u016f v kv\u011btnu (11.-22.5.2022) se m\u016f\u017eete aktivn\u011b zapojit do rozvoje Parku, b\u011bhem n\u011bho\u017e budeme pokra\u010dovat v rekonstrukci centra studi\u00ed, kterou jsme za\u010dali v roce 2020.&nbsp;<\/p>\n\n\n\n<p>Krom\u011b pr\u00e1ce n\u00e1s \u010dekaj\u00ed ka\u017edodenn\u00ed spole\u010dn\u00e9 \u010di individu\u00e1ln\u00ed meditace, sd\u00edlen\u00ed, vz\u00e1jemn\u00e1 inspirace, objevov\u00e1n\u00ed bl\u00edzk\u00e9ho okol\u00ed a mnoh\u00e9 dal\u0161\u00ed. Budete m\u00edt prostor na sv\u016fj vlastn\u00ed vnit\u0159n\u00ed proces, p\u0159i kter\u00e9m m\u016f\u017eete vyu\u017e\u00edt p\u0159\u00edtomnosti a cenn\u00fdch zku\u0161enost\u00ed v\u0161ech p\u0159\u00edtomn\u00fdch.<\/p>\n\n\n\n<p>Pokud v\u00e1m uveden\u00fd term\u00edn nevyhovuje, nebo nem\u00e1te mo\u017enost \u00fa\u010dastnit se na\u0161ich akc\u00ed osobn\u011b a p\u0159esto c\u00edt\u00edte, \u017ee je v\u00e1m projekt Park\u016f sympatick\u00fd a cht\u011bli byste jej podpo\u0159it, uv\u00edt\u00e1me jakoukoliv finan\u010dn\u00ed podporu pro realizaci dal\u0161\u00edch krok\u016f rekonstrukce. \u010c\u00edslo \u00fa\u010dtu je 2500074734\/2010 a na ka\u017edou z darovan\u00fdch \u010d\u00e1stek m\u016f\u017eeme vystavit potvrzen\u00ed o p\u0159ijet\u00ed daru.<\/p>\n\n\n\n<p>P\u0159esp\u00e1n\u00ed v Parku je nutn\u00e9 z d\u016fvodu kapacity zarezervovat p\u0159edem. Pobyt a span\u00ed v Parku je b\u011bhem pracovn\u00edch akc\u00ed zdarma. Pokud m\u00e1te z\u00e1jem o spole\u010dn\u00e9 stravov\u00e1n\u00ed, dejte n\u00e1m v\u011bd\u011bt (100\u2013150 K\u010d\/den = sn\u00eddan\u011b, ob\u011bd, ve\u010de\u0159e, sva\u010diny, pitn\u00fd re\u017eim). Lo\u017en\u00ed pr\u00e1dlo a ru\u010dn\u00edk je pot\u0159eba si p\u0159iv\u00e9zt, p\u0159\u00edpadn\u011b jsou k zap\u016fj\u010den\u00ed za 50 K\u010d.<\/p>\n\n\n\n<p>kontakt: Dana Feminov\u00e1, tel. 777 711 911, dana.feminova@gmail.com<\/p>\n\n\n\n<p><br>P\u0159edem v\u00e1m moc d\u011bkujeme za va\u0161i \u00fa\u010dast v jak\u00e9koliv form\u011b a t\u011b\u0161\u00edme se na setk\u00e1n\u00ed s v\u00e1mi.<\/p>","protected":false},"excerpt":{"rendered":"<p>B\u011bhem dvou t\u00fddn\u016f v kv\u011btnu (11.-22.5.2022) se m\u016f\u017eete aktivn\u011b zapojit do rozvoje Parku, b\u011bhem n\u011bho\u017e budeme pokra\u010dovat v rekonstrukci centra studi\u00ed, kterou jsme za\u010dali v roce 2020.&nbsp; Krom\u011b pr\u00e1ce n\u00e1s \u010dekaj\u00ed ka\u017edodenn\u00ed spole\u010dn\u00e9 \u010di individu\u00e1ln\u00ed meditace, sd\u00edlen\u00ed, vz\u00e1jemn\u00e1 inspirace, objevov\u00e1n\u00ed bl\u00edzk\u00e9ho okol\u00ed a mnoh\u00e9 dal\u0161\u00ed. Budete m\u00edt prostor na sv\u016fj vlastn\u00ed vnit\u0159n\u00ed proces, p\u0159i kter\u00e9m [&hellip;]<\/p>","protected":false},"author":9,"featured_media":4392,"comment_status":"open","ping_status":"open","sticky":false,"template":"","format":"standard","meta":[],"categories":[4],"tags":[],"_links":{"self":[{"href":"http:\/\/parkpravikov.cz\/en\/wp-json\/wp\/v2\/posts\/4391"}],"collection":[{"href":"http:\/\/parkpravikov.cz\/en\/wp-json\/wp\/v2\/posts"}],"about":[{"href":"http:\/\/parkpravikov.cz\/en\/wp-json\/wp\/v2\/types\/post"}],"author":[{"embeddable":true,"href":"http:\/\/parkpravikov.cz\/en\/wp-json\/wp\/v2\/users\/9"}],"replies":[{"embeddable":true,"href":"http:\/\/parkpravikov.cz\/en\/wp-json\/wp\/v2\/comments?post=4391"}],"version-history":[{"count":4,"href":"http:\/\/parkpravikov.cz\/en\/wp-json\/wp\/v2\/posts\/4391\/revisions"}],"predecessor-version":[{"id":4588,"href":"http:\/\/parkpravikov.cz\/en\/wp-json\/wp\/v2\/posts\/4391\/revisions\/4588"}],"wp:featuredmedia":[{"embeddable":true,"href":"http:\/\/parkpravikov.cz\/en\/wp-json\/wp\/v2\/media\/4392"}],"wp:attachment":[{"href":"http:\/\/parkpravikov.cz\/en\/wp-json\/wp\/v2\/media?parent=4391"}],"wp:term":[{"taxonomy":"category","embeddable":true,"href":"http:\/\/parkpravikov.cz\/en\/wp-json\/wp\/v2\/categories?post=4391"},{"taxonomy":"post_tag","embeddable":true,"href":"http:\/\/parkpravikov.cz\/en\/wp-json\/wp\/v2\/tags?post=4391"}],"curies":[{"name":"wp","href":"https:\/\/api.w.org\/{rel}","templated":true}]}}