{"id":419,"date":"2012-01-11T21:21:32","date_gmt":"2012-01-11T20:21:32","guid":{"rendered":"\/?p=419"},"modified":"2012-01-11T21:21:32","modified_gmt":"2012-01-11T20:21:32","slug":"spolecna-zadost-za-hlubokou-zmenu","status":"publish","type":"post","link":"http:\/\/parkpravikov.cz\/en\/spolecna-zadost-za-hlubokou-zmenu\/","title":{"rendered":"Spole\u010dn\u00e1 \u017e\u00e1dost za hlubokou zm\u011bnu"},"content":{"rendered":"<p><iframe loading=\"lazy\" title=\"Spole\u010dn\u00e1 \u017e\u00e1dost za hlubokou zm\u011bnu\" width=\"800\" height=\"450\" src=\"https:\/\/www.youtube.com\/embed\/JNetOdqeyzA?feature=oembed\" frameborder=\"0\" allow=\"accelerometer; autoplay; clipboard-write; encrypted-media; gyroscope; picture-in-picture\" allowfullscreen><\/iframe><\/p>\n<p>V dne\u0161n\u00edm sv\u011bt\u011b velk\u00fdch ot\u0159es\u016f bez jasn\u00e9 budoucnosti c\u00edt\u00edme silnou pot\u0159ebu hlubok\u00e9 pozitivn\u00ed zm\u011bny ve sv\u011bt\u011b. Proto spole\u010dn\u011b, z hloubky na\u0161eho nitra, \u017e\u00e1d\u00e1me o inspiraci, o s\u00edlu, o vnit\u0159n\u00ed klid, aby se ta nejlep\u0161\u00ed p\u0159\u00e1n\u00ed uvnit\u0159 n\u00e1s mohla projevit, pomohla n\u00e1m, na\u0161im bl\u00edzk\u00fdm i vzd\u00e1len\u00fdm a mohly se otev\u0159\u00edt nov\u00e9 horizonty.<\/p>","protected":false},"excerpt":{"rendered":"<p>V dne\u0161n\u00edm sv\u011bt\u011b velk\u00fdch ot\u0159es\u016f bez jasn\u00e9 budoucnosti c\u00edt\u00edme silnou pot\u0159ebu hlubok\u00e9 pozitivn\u00ed zm\u011bny ve sv\u011bt\u011b. Proto spole\u010dn\u011b, z hloubky na\u0161eho nitra, \u017e\u00e1d\u00e1me o inspiraci, o s\u00edlu, o vnit\u0159n\u00ed klid, aby se ta nejlep\u0161\u00ed p\u0159\u00e1n\u00ed uvnit\u0159 n\u00e1s mohla projevit, pomohla n\u00e1m, na\u0161im bl\u00edzk\u00fdm i vzd\u00e1len\u00fdm a mohly se otev\u0159\u00edt nov\u00e9 horizonty.<\/p>","protected":false},"author":1,"featured_media":0,"comment_status":"closed","ping_status":"closed","sticky":false,"template":"","format":"standard","meta":[],"categories":[3],"tags":[],"_links":{"self":[{"href":"http:\/\/parkpravikov.cz\/en\/wp-json\/wp\/v2\/posts\/419"}],"collection":[{"href":"http:\/\/parkpravikov.cz\/en\/wp-json\/wp\/v2\/posts"}],"about":[{"href":"http:\/\/parkpravikov.cz\/en\/wp-json\/wp\/v2\/types\/post"}],"author":[{"embeddable":true,"href":"http:\/\/parkpravikov.cz\/en\/wp-json\/wp\/v2\/users\/1"}],"replies":[{"embeddable":true,"href":"http:\/\/parkpravikov.cz\/en\/wp-json\/wp\/v2\/comments?post=419"}],"version-history":[{"count":2,"href":"http:\/\/parkpravikov.cz\/en\/wp-json\/wp\/v2\/posts\/419\/revisions"}],"predecessor-version":[{"id":430,"href":"http:\/\/parkpravikov.cz\/en\/wp-json\/wp\/v2\/posts\/419\/revisions\/430"}],"wp:attachment":[{"href":"http:\/\/parkpravikov.cz\/en\/wp-json\/wp\/v2\/media?parent=419"}],"wp:term":[{"taxonomy":"category","embeddable":true,"href":"http:\/\/parkpravikov.cz\/en\/wp-json\/wp\/v2\/categories?post=419"},{"taxonomy":"post_tag","embeddable":true,"href":"http:\/\/parkpravikov.cz\/en\/wp-json\/wp\/v2\/tags?post=419"}],"curies":[{"name":"wp","href":"https:\/\/api.w.org\/{rel}","templated":true}]}}