{"id":323,"date":"2011-12-18T19:31:23","date_gmt":"2011-12-18T18:31:23","guid":{"rendered":"\/?p=323"},"modified":"2012-12-31T01:17:47","modified_gmt":"2012-12-31T00:17:47","slug":"pocta-silovi-vyroci-narozeni-zakladatele-parku-studii-a-reflexe","status":"publish","type":"post","link":"http:\/\/parkpravikov.cz\/en\/pocta-silovi-vyroci-narozeni-zakladatele-parku-studii-a-reflexe\/","title":{"rendered":"Pocta Silovi &#8211; v\u00fdro\u010d\u00ed narozen\u00ed zakladatele Park\u016f studi\u00ed a reflexe"},"content":{"rendered":"<p><img loading=\"lazy\" class=\"alignleft size-thumbnail wp-image-331\" src=\"\/wp-content\/uploads\/2011\/12\/l-150x112.jpg\" alt=\"\" width=\"150\" height=\"112\" \/><strong>Ned\u011ble 8. ledna 2011<\/strong> &#8211; Park Prav\u00edkov<br \/>\nPrezentace Silovy filozofie a projekt\u016f<\/p>\n<p><!--more-->Rezervace m\u00edst: Dana Feminov\u00e1, <a href=\"mailto:danafem@volny.cz\">danafem@volny.cz<\/a>, tel. 777 711 911<\/p>","protected":false},"excerpt":{"rendered":"<p>Ned\u011ble 8. ledna 2011 &#8211; Park Prav\u00edkov Prezentace Silovy filozofie a projekt\u016f<\/p>","protected":false},"author":1,"featured_media":0,"comment_status":"closed","ping_status":"closed","sticky":false,"template":"","format":"standard","meta":[],"categories":[6,4],"tags":[],"_links":{"self":[{"href":"http:\/\/parkpravikov.cz\/en\/wp-json\/wp\/v2\/posts\/323"}],"collection":[{"href":"http:\/\/parkpravikov.cz\/en\/wp-json\/wp\/v2\/posts"}],"about":[{"href":"http:\/\/parkpravikov.cz\/en\/wp-json\/wp\/v2\/types\/post"}],"author":[{"embeddable":true,"href":"http:\/\/parkpravikov.cz\/en\/wp-json\/wp\/v2\/users\/1"}],"replies":[{"embeddable":true,"href":"http:\/\/parkpravikov.cz\/en\/wp-json\/wp\/v2\/comments?post=323"}],"version-history":[{"count":11,"href":"http:\/\/parkpravikov.cz\/en\/wp-json\/wp\/v2\/posts\/323\/revisions"}],"predecessor-version":[{"id":1401,"href":"http:\/\/parkpravikov.cz\/en\/wp-json\/wp\/v2\/posts\/323\/revisions\/1401"}],"wp:attachment":[{"href":"http:\/\/parkpravikov.cz\/en\/wp-json\/wp\/v2\/media?parent=323"}],"wp:term":[{"taxonomy":"category","embeddable":true,"href":"http:\/\/parkpravikov.cz\/en\/wp-json\/wp\/v2\/categories?post=323"},{"taxonomy":"post_tag","embeddable":true,"href":"http:\/\/parkpravikov.cz\/en\/wp-json\/wp\/v2\/tags?post=323"}],"curies":[{"name":"wp","href":"https:\/\/api.w.org\/{rel}","templated":true}]}}