{"id":2285,"date":"2017-05-01T22:15:44","date_gmt":"2017-05-01T20:15:44","guid":{"rendered":"\/?p=2285"},"modified":"2017-05-01T22:15:44","modified_gmt":"2017-05-01T20:15:44","slug":"spolecnyvikend-studia-a-reflexe","status":"publish","type":"post","link":"http:\/\/parkpravikov.cz\/en\/spolecnyvikend-studia-a-reflexe\/","title":{"rendered":"Spole\u010dn\u00fd v\u00edkend studia a reflexe"},"content":{"rendered":"<div>\n<p>Spole\u010dn\u00e9 setk\u00e1n\u00ed ke sd\u00edlen\u00ed zku\u0161enost\u00ed, t\u011b\u017ekost\u00ed a inspirac\u00ed spojen\u00fdch s vnit\u0159n\u00edm r\u016fstem a hled\u00e1n\u00edm smyslu, k meditaci, studiu, reflexi a pov\u00edd\u00e1n\u00ed&#8230;<\/p>\n<p>Kontakt: Petra Bedn\u00e1\u0159ov\u00e1 (peetja.bednarova@gmail.com, 724 595 639)<\/p>\n<\/div>","protected":false},"excerpt":{"rendered":"<p>Spole\u010dn\u00e9 setk\u00e1n\u00ed ke sd\u00edlen\u00ed zku\u0161enost\u00ed, t\u011b\u017ekost\u00ed a inspirac\u00ed spojen\u00fdch s vnit\u0159n\u00edm r\u016fstem a hled\u00e1n\u00edm smyslu, k meditaci, studiu, reflexi a pov\u00edd\u00e1n\u00ed&#8230; Kontakt: Petra Bedn\u00e1\u0159ov\u00e1 (peetja.bednarova@gmail.com, 724 595 639)<\/p>","protected":false},"author":25,"featured_media":0,"comment_status":"closed","ping_status":"closed","sticky":false,"template":"","format":"standard","meta":[],"categories":[5],"tags":[],"_links":{"self":[{"href":"http:\/\/parkpravikov.cz\/en\/wp-json\/wp\/v2\/posts\/2285"}],"collection":[{"href":"http:\/\/parkpravikov.cz\/en\/wp-json\/wp\/v2\/posts"}],"about":[{"href":"http:\/\/parkpravikov.cz\/en\/wp-json\/wp\/v2\/types\/post"}],"author":[{"embeddable":true,"href":"http:\/\/parkpravikov.cz\/en\/wp-json\/wp\/v2\/users\/25"}],"replies":[{"embeddable":true,"href":"http:\/\/parkpravikov.cz\/en\/wp-json\/wp\/v2\/comments?post=2285"}],"version-history":[{"count":1,"href":"http:\/\/parkpravikov.cz\/en\/wp-json\/wp\/v2\/posts\/2285\/revisions"}],"predecessor-version":[{"id":2286,"href":"http:\/\/parkpravikov.cz\/en\/wp-json\/wp\/v2\/posts\/2285\/revisions\/2286"}],"wp:attachment":[{"href":"http:\/\/parkpravikov.cz\/en\/wp-json\/wp\/v2\/media?parent=2285"}],"wp:term":[{"taxonomy":"category","embeddable":true,"href":"http:\/\/parkpravikov.cz\/en\/wp-json\/wp\/v2\/categories?post=2285"},{"taxonomy":"post_tag","embeddable":true,"href":"http:\/\/parkpravikov.cz\/en\/wp-json\/wp\/v2\/tags?post=2285"}],"curies":[{"name":"wp","href":"https:\/\/api.w.org\/{rel}","templated":true}]}}