{"id":1942,"date":"2014-07-17T14:15:59","date_gmt":"2014-07-17T12:15:59","guid":{"rendered":"\/?p=1942"},"modified":"2014-07-17T14:20:30","modified_gmt":"2014-07-17T12:20:30","slug":"tyden-nenasilne-kultury","status":"publish","type":"post","link":"http:\/\/parkpravikov.cz\/en\/tyden-nenasilne-kultury\/","title":{"rendered":"T\u00fdden nen\u00e1siln\u00e9 kultury"},"content":{"rendered":"<p><a href=\"\/en\/blog\/2014\/07\/17\/tyden-nenasilne-kultury\/invito-settimana-2014-tania\/\" rel=\"attachment wp-att-1943\"><img loading=\"lazy\" class=\"alignleft  wp-image-1943\" src=\"\/wp-content\/uploads\/2014\/07\/Invito-settimana-2014-tania-270x387.jpg\" alt=\"\" width=\"216\" height=\"310\" \/><\/a>Humanistick\u00e9 centrum zve na <strong>T\u00fdden nen\u00e1siln\u00e9 kultury<\/strong> (osobn\u00ed rozvoj, workshopy, studium, zahradni\u010den\u00ed, keramika) v Parku studi\u00ed a reflexe Prav\u00edkov, kter\u00fd se bude konat\u00a0<strong>11. a\u017e 17. srpna 2014<\/strong>.<\/p>\n<p>\u00da\u010dast je otev\u0159en\u00e1 v\u0161em, kte\u0159\u00ed cht\u011bj\u00ed prohlubovat kulturu nen\u00e1sil\u00ed. Nen\u00ed nutn\u00e9 \u00fa\u010dastnit se cel\u00e9ho t\u00fddne, je mo\u017en\u00e9 p\u0159ijet na libovolnou dobu. V prost\u0159ed\u00ed otev\u0159en\u00e9 komunikace a v kr\u00e1sn\u00e9 krajin\u011b Vyso\u010diny bude mo\u017en\u00e9 pomoci se zahradn\u00edmi pracemi a stavbou Parku, \u00fa\u010dastnit se semin\u00e1\u0159\u016f, kurz\u016f, workshop\u016f (t\u00e9ma nen\u00e1sil\u00ed, praktiky sebepozn\u00e1n\u00ed, relaxace, dynamick\u00e9 meditace, z\u00e1\u017eitek vnit\u0159n\u00edho m\u00edru a dobr\u00e9ho byt\u00ed, pr\u00e1ce s p\u0159edstavami a psychofyzickou energi\u00ed, tvo\u0159iv\u00e1 pr\u00e1ce s keramikou,\u2026).<!--more--><\/p>\n<p>Program se bude odv\u00edjet podle po\u010dtu a z\u00e1jm\u016f \u00fa\u010dastn\u00edk\u016f. \u00da\u010dast na v\u0161ech aktivit\u00e1ch je zdarma. P\u0159\u00edsp\u011bvek na provoz Parku je 150 K\u010d za den a noc (p\u0159\u00edpadn\u011b jen 50 K\u010d za den bez p\u0159esp\u00e1n\u00ed), v p\u0159\u00edpad\u011b spole\u010dn\u00e9ho stravov\u00e1n\u00ed 100 K\u010d za den.<\/p>\n<p>Pro informace a rezervace: T\u00e1\u0148a Bedn\u00e1\u0159ov\u00e1, tel: 604 983 875, tana.bednarova@gmail.com.<br \/>\n<strong>Rezervace p\u0159edem je nezbytn\u00e1<\/strong>.<\/p>\n<p>www.HumanistickeHnuti.cz<\/p>\n<p>Pozv\u00e1nka ke sta\u017een\u00ed:\u00a0<a href=\"\/en\/blog\/2014\/07\/17\/tyden-nenasilne-kultury\/invito-settimana-2014-tania-2\/\" rel=\"attachment wp-att-1944\">Invito settimana 2014 tania<\/a><\/p>","protected":false},"excerpt":{"rendered":"<p>Humanistick\u00e9 centrum zve na T\u00fdden nen\u00e1siln\u00e9 kultury (osobn\u00ed rozvoj, workshopy, studium, zahradni\u010den\u00ed, keramika) v Parku studi\u00ed a reflexe Prav\u00edkov, kter\u00fd se bude konat\u00a011. a\u017e 17. srpna 2014. \u00da\u010dast je otev\u0159en\u00e1 v\u0161em, kte\u0159\u00ed cht\u011bj\u00ed prohlubovat kulturu nen\u00e1sil\u00ed. Nen\u00ed nutn\u00e9 \u00fa\u010dastnit se cel\u00e9ho t\u00fddne, je mo\u017en\u00e9 p\u0159ijet na libovolnou dobu. V prost\u0159ed\u00ed otev\u0159en\u00e9 komunikace a v kr\u00e1sn\u00e9 [&hellip;]<\/p>","protected":false},"author":25,"featured_media":0,"comment_status":"closed","ping_status":"closed","sticky":false,"template":"","format":"standard","meta":[],"categories":[6,4],"tags":[],"_links":{"self":[{"href":"http:\/\/parkpravikov.cz\/en\/wp-json\/wp\/v2\/posts\/1942"}],"collection":[{"href":"http:\/\/parkpravikov.cz\/en\/wp-json\/wp\/v2\/posts"}],"about":[{"href":"http:\/\/parkpravikov.cz\/en\/wp-json\/wp\/v2\/types\/post"}],"author":[{"embeddable":true,"href":"http:\/\/parkpravikov.cz\/en\/wp-json\/wp\/v2\/users\/25"}],"replies":[{"embeddable":true,"href":"http:\/\/parkpravikov.cz\/en\/wp-json\/wp\/v2\/comments?post=1942"}],"version-history":[{"count":4,"href":"http:\/\/parkpravikov.cz\/en\/wp-json\/wp\/v2\/posts\/1942\/revisions"}],"predecessor-version":[{"id":1948,"href":"http:\/\/parkpravikov.cz\/en\/wp-json\/wp\/v2\/posts\/1942\/revisions\/1948"}],"wp:attachment":[{"href":"http:\/\/parkpravikov.cz\/en\/wp-json\/wp\/v2\/media?parent=1942"}],"wp:term":[{"taxonomy":"category","embeddable":true,"href":"http:\/\/parkpravikov.cz\/en\/wp-json\/wp\/v2\/categories?post=1942"},{"taxonomy":"post_tag","embeddable":true,"href":"http:\/\/parkpravikov.cz\/en\/wp-json\/wp\/v2\/tags?post=1942"}],"curies":[{"name":"wp","href":"https:\/\/api.w.org\/{rel}","templated":true}]}}