{"id":1775,"date":"2013-12-04T01:34:55","date_gmt":"2013-12-04T00:34:55","guid":{"rendered":"\/?p=1775"},"modified":"2013-12-11T12:52:40","modified_gmt":"2013-12-11T11:52:40","slug":"oslava-zimniho-slunovratu-spolecna-zadost-a-podekovani","status":"publish","type":"post","link":"http:\/\/parkpravikov.cz\/en\/oslava-zimniho-slunovratu-spolecna-zadost-a-podekovani\/","title":{"rendered":"Oslava zimn\u00edho slunovratu &#8211; Spole\u010dn\u00e1 \u017e\u00e1dost a pod\u011bkov\u00e1n\u00ed"},"content":{"rendered":"<p><strong><a href=\"\/en\/blog\/2013\/12\/04\/oslava-zimniho-slunovratu-spolecna-zadost-a-podekovani\/slunovrat_pravikov-2013\/\" rel=\"attachment wp-att-1777\"><img loading=\"lazy\" class=\"alignleft size-thumbnail wp-image-1777\" src=\"\/wp-content\/uploads\/2013\/12\/Slunovrat_Pravikov-2013-150x108.jpg\" alt=\"\" width=\"150\" height=\"108\" \/><\/a>Oslava zimn\u00edho slunovratu<\/strong><br \/>\n<strong>Spole\u010dn\u00e1 \u017e\u00e1dost a pod\u011bkov\u00e1n\u00ed<\/strong><\/p>\n<p>Kde: Park studi\u00ed a reflexe Prav\u00edkov, Prav\u00edkov 18, Kamenice nad Lipou<br \/>\nKdy: sobota 21.12.2013 16:00<\/p>\n<p>Zveme v\u00e1s na symbolickou oslavu zimn\u00edho slunovratu, otev\u0159en\u00e9 setk\u00e1n\u00ed pro v\u0161echny, kte\u0159\u00ed hledaj\u00ed na cest\u011b \u017eivotem zku\u0161enosti p\u0159esahuj\u00edc\u00ed b\u011b\u017enou ka\u017edodenn\u00ed realitu.<\/p>\n<p>P\u0159i spole\u010dn\u00e9 ceremonii pod\u011bkujeme za v\u0161echno, co n\u00e1m p\u0159in\u00e1\u0161\u00ed radost, s\u00edlu a vyrovnanost, a po\u017e\u00e1d\u00e1me o to, aby se splnila na\u0161e nejhlub\u0161\u00ed p\u0159\u00e1n\u00ed a aby se mohlo naplno projevit to nejlep\u0161\u00ed v ka\u017ed\u00e9m z n\u00e1s.<!--more--><\/p>\n<p>V\u00edce informac\u00ed: Petra Duhajsk\u00e1 (peta.duhajska@gmail.com, 724 595 639).<br \/>\nPark bude otev\u0159en\u00fd cel\u00fd den, je tedy mo\u017en\u00e9 dorazit u\u017e d\u0159\u00edv.<\/p>\n<p><a href=\"http:\/\/www.facebook.com\/l.php?u=http%3A%2F%2Fparkpravikov.cz%2F&amp;h=uAQGR8DpS&amp;enc=AZPgG075YJLt6jhwKaSIICLC9t5XWT2xykgjMBeyr7YgI2vAOlYz4LmTYhF6G3NXOxA&amp;s=1\" rel=\"nofollow nofollow\" target=\"_blank\">parkpravikov.cz<\/a><br \/>\n<a href=\"http:\/\/www.facebook.com\/l.php?u=http%3A%2F%2Fwww.silovoposelstvi.cz%2F&amp;h=jAQHsYe76&amp;enc=AZOf9XdxAIBfPCvI8cnw0uuX4RwhrgonP0i42ieXUjNFhUtckfEmoLVJKCTJgpu-_R4&amp;s=1\" rel=\"nofollow nofollow\" target=\"_blank\">www.silovoposelstvi.cz<\/a><\/p>\n<p><a href=\"\/en\/blog\/2013\/12\/04\/oslava-zimniho-slunovratu-spolecna-zadost-a-podekovani\/slunovrat_pravikov-2013\/\" rel=\"attachment wp-att-1777\"><img loading=\"lazy\" class=\"alignnone size-large wp-image-1777\" src=\"\/wp-content\/uploads\/2013\/12\/Slunovrat_Pravikov-2013-584x421.jpg\" alt=\"\" width=\"584\" height=\"421\" \/><\/a><\/p>","protected":false},"excerpt":{"rendered":"<p>Oslava zimn\u00edho slunovratu Spole\u010dn\u00e1 \u017e\u00e1dost a pod\u011bkov\u00e1n\u00ed Kde: Park studi\u00ed a reflexe Prav\u00edkov, Prav\u00edkov 18, Kamenice nad Lipou Kdy: sobota 21.12.2013 16:00 Zveme v\u00e1s na symbolickou oslavu zimn\u00edho slunovratu, otev\u0159en\u00e9 setk\u00e1n\u00ed pro v\u0161echny, kte\u0159\u00ed hledaj\u00ed na cest\u011b \u017eivotem zku\u0161enosti p\u0159esahuj\u00edc\u00ed b\u011b\u017enou ka\u017edodenn\u00ed realitu. P\u0159i spole\u010dn\u00e9 ceremonii pod\u011bkujeme za v\u0161echno, co n\u00e1m p\u0159in\u00e1\u0161\u00ed radost, s\u00edlu a [&hellip;]<\/p>","protected":false},"author":25,"featured_media":0,"comment_status":"closed","ping_status":"closed","sticky":false,"template":"","format":"standard","meta":[],"categories":[6,4],"tags":[],"_links":{"self":[{"href":"http:\/\/parkpravikov.cz\/en\/wp-json\/wp\/v2\/posts\/1775"}],"collection":[{"href":"http:\/\/parkpravikov.cz\/en\/wp-json\/wp\/v2\/posts"}],"about":[{"href":"http:\/\/parkpravikov.cz\/en\/wp-json\/wp\/v2\/types\/post"}],"author":[{"embeddable":true,"href":"http:\/\/parkpravikov.cz\/en\/wp-json\/wp\/v2\/users\/25"}],"replies":[{"embeddable":true,"href":"http:\/\/parkpravikov.cz\/en\/wp-json\/wp\/v2\/comments?post=1775"}],"version-history":[{"count":4,"href":"http:\/\/parkpravikov.cz\/en\/wp-json\/wp\/v2\/posts\/1775\/revisions"}],"predecessor-version":[{"id":1780,"href":"http:\/\/parkpravikov.cz\/en\/wp-json\/wp\/v2\/posts\/1775\/revisions\/1780"}],"wp:attachment":[{"href":"http:\/\/parkpravikov.cz\/en\/wp-json\/wp\/v2\/media?parent=1775"}],"wp:term":[{"taxonomy":"category","embeddable":true,"href":"http:\/\/parkpravikov.cz\/en\/wp-json\/wp\/v2\/categories?post=1775"},{"taxonomy":"post_tag","embeddable":true,"href":"http:\/\/parkpravikov.cz\/en\/wp-json\/wp\/v2\/tags?post=1775"}],"curies":[{"name":"wp","href":"https:\/\/api.w.org\/{rel}","templated":true}]}}