{"id":1683,"date":"2013-07-26T21:56:05","date_gmt":"2013-07-26T19:56:05","guid":{"rendered":"\/?p=1683"},"modified":"2013-07-30T10:14:42","modified_gmt":"2013-07-30T08:14:42","slug":"pracovni-vikend-2","status":"publish","type":"post","link":"http:\/\/parkpravikov.cz\/en\/pracovni-vikend-2\/","title":{"rendered":"Pracovn\u00ed v\u00edkend"},"content":{"rendered":"<p><a href=\"\/en\/blog\/2013\/07\/26\/pracovni-vikend-2\/mensi\/\" rel=\"attachment wp-att-1684\"><img loading=\"lazy\" class=\"alignleft size-thumbnail wp-image-1684\" src=\"\/wp-content\/uploads\/2013\/07\/men\u0161\u00ed-150x112.jpg\" alt=\"\" width=\"150\" height=\"112\" \/><\/a>B\u011bhem v\u00edkendu 3.-4. srpna se v Parku Prav\u00edkov budeme v\u011bnovat r\u016fzn\u00fdm prac\u00edm, kter\u00e9 by bylo dobr\u00e9 ud\u011blat, tentokr\u00e1t zejm\u00e9na \u010di\u0161t\u011bn\u00ed b\u00fdval\u00e9ho krav\u00edna, sek\u00e1n\u00ed tr\u00e1vy a dal\u0161\u00edm prac\u00edm na zahrad\u011b; spole\u010dn\u011b v dobr\u00e9 atmosf\u00e9\u0159e pom\u016f\u017eeme vytv\u00e1\u0159et n\u011bco, co p\u0159esahuje osobn\u00ed pot\u0159eby a p\u0159\u00e1n\u00ed a na\u0161e ka\u017edodenn\u00ed starosti a obavy.<!--more--><\/p>\n<p>Parky studi\u00ed a reflexe po cel\u00e9m sv\u011bt\u011b jsou vytv\u00e1\u0159eny pouze d\u00edky lidem, kte\u0159\u00ed si takov\u00e1 m\u00edsta p\u0159ej\u00ed. Ka\u017ed\u00fd se m\u016f\u017ee zapojit, jak chce a m\u016f\u017ee \u2013 finan\u010dn\u00edm p\u0159\u00edsp\u011bvkem, materi\u00e1ln\u00edm darem, \u0161\u00ed\u0159en\u00edm informac\u00ed, pomoc\u00ed s organizac\u00ed akc\u00ed a taky konkr\u00e9tn\u00ed prac\u00ed v Parku.<\/p>\n<p>Pro rezervaci m\u00edsta na span\u00ed \u010di s p\u0159\u00edpadn\u00fdmi dotazy se obracejte na Toniho Antonucciho (toni@volny.cz, 608 735 915).<\/p>","protected":false},"excerpt":{"rendered":"<p>B\u011bhem v\u00edkendu 3.-4. srpna se v Parku Prav\u00edkov budeme v\u011bnovat r\u016fzn\u00fdm prac\u00edm, kter\u00e9 by bylo dobr\u00e9 ud\u011blat, tentokr\u00e1t zejm\u00e9na \u010di\u0161t\u011bn\u00ed b\u00fdval\u00e9ho krav\u00edna, sek\u00e1n\u00ed tr\u00e1vy a dal\u0161\u00edm prac\u00edm na zahrad\u011b; spole\u010dn\u011b v dobr\u00e9 atmosf\u00e9\u0159e pom\u016f\u017eeme vytv\u00e1\u0159et n\u011bco, co p\u0159esahuje osobn\u00ed pot\u0159eby a p\u0159\u00e1n\u00ed a na\u0161e ka\u017edodenn\u00ed starosti a obavy.<\/p>","protected":false},"author":25,"featured_media":0,"comment_status":"closed","ping_status":"closed","sticky":false,"template":"","format":"standard","meta":[],"categories":[6,4],"tags":[],"_links":{"self":[{"href":"http:\/\/parkpravikov.cz\/en\/wp-json\/wp\/v2\/posts\/1683"}],"collection":[{"href":"http:\/\/parkpravikov.cz\/en\/wp-json\/wp\/v2\/posts"}],"about":[{"href":"http:\/\/parkpravikov.cz\/en\/wp-json\/wp\/v2\/types\/post"}],"author":[{"embeddable":true,"href":"http:\/\/parkpravikov.cz\/en\/wp-json\/wp\/v2\/users\/25"}],"replies":[{"embeddable":true,"href":"http:\/\/parkpravikov.cz\/en\/wp-json\/wp\/v2\/comments?post=1683"}],"version-history":[{"count":5,"href":"http:\/\/parkpravikov.cz\/en\/wp-json\/wp\/v2\/posts\/1683\/revisions"}],"predecessor-version":[{"id":1699,"href":"http:\/\/parkpravikov.cz\/en\/wp-json\/wp\/v2\/posts\/1683\/revisions\/1699"}],"wp:attachment":[{"href":"http:\/\/parkpravikov.cz\/en\/wp-json\/wp\/v2\/media?parent=1683"}],"wp:term":[{"taxonomy":"category","embeddable":true,"href":"http:\/\/parkpravikov.cz\/en\/wp-json\/wp\/v2\/categories?post=1683"},{"taxonomy":"post_tag","embeddable":true,"href":"http:\/\/parkpravikov.cz\/en\/wp-json\/wp\/v2\/tags?post=1683"}],"curies":[{"name":"wp","href":"https:\/\/api.w.org\/{rel}","templated":true}]}}