{"id":1531,"date":"2013-03-12T11:52:54","date_gmt":"2013-03-12T10:52:54","guid":{"rendered":"\/?p=1531"},"modified":"2013-03-31T18:27:20","modified_gmt":"2013-03-31T16:27:20","slug":"jarni-vikend-v-parku-pravikov","status":"publish","type":"post","link":"http:\/\/parkpravikov.cz\/en\/jarni-vikend-v-parku-pravikov\/","title":{"rendered":"Jarn\u00ed v\u00edkend v Parku Prav\u00edkov"},"content":{"rendered":"<p><a href=\"\/en\/blog\/2013\/03\/12\/jarni-vikend-v-parku-pravikov\/img_2555\/\" rel=\"attachment wp-att-1548\"><img loading=\"lazy\" class=\"alignleft size-thumbnail wp-image-1548\" src=\"\/wp-content\/uploads\/2013\/03\/IMG_2555-150x112.jpg\" alt=\"\" width=\"150\" height=\"112\" \/><\/a>Od soboty 30. b\u0159ezna do pond\u011bl\u00ed 1. dubna bude Park otev\u0159en ka\u017ed\u00e9mu, kdo bude cht\u00edt p\u0159ij\u00edt a dozv\u011bd\u011bt se n\u011bco v\u00edc o projektu Park\u016f studi\u00ed a reflexe, o mo\u017enostech jak se aktivn\u011b zapojit, o akc\u00edch prob\u00edhaj\u00edc\u00edch v Parku Prav\u00edkov, pro ka\u017ed\u00e9ho, kdo bude cht\u00edt str\u00e1vit \u010das v klidn\u00e9m m\u00edst\u011b ur\u010den\u00e9m pro meditaci a studium, bude cht\u00edt poznat nov\u00e9 lidi, pod\u00edvat se na inspirativn\u00ed videa nebo prost\u011b jen chv\u00edli v klidu posed\u011bt.<\/p>\n<p>V sobotu spole\u010dn\u011b symbolicky oslav\u00edme p\u0159\u00edchod jara, po cel\u00fd prodlou\u017een\u00fd v\u00edkend bude prostor pro diskuse, spole\u010dn\u00e9 ceremonie, prom\u00edt\u00e1n\u00ed, sd\u00edlen\u00ed zaj\u00edmav\u00fdch zku\u0161enost\u00ed&#8230;\u00a0<!--more--><\/p>\n<p>Nen\u00ed t\u0159eba se p\u0159edem ohl\u00e1sit, rezervace je pot\u0159eba jen v p\u0159\u00edpad\u011b, \u017ee byste cht\u011bli v Parku p\u0159espat. K dispozici bude lehk\u00e9 ob\u010derstven\u00ed za symbolick\u00fd p\u0159\u00edsp\u011bvek.<\/p>\n<p>Bli\u017e\u0161\u00ed informace: Petra Duhajsk\u00e1 (724 595 639, peta.duhajska@gmail.com).<\/p>","protected":false},"excerpt":{"rendered":"<p>Od soboty 30. b\u0159ezna do pond\u011bl\u00ed 1. dubna bude Park otev\u0159en ka\u017ed\u00e9mu, kdo bude cht\u00edt p\u0159ij\u00edt a dozv\u011bd\u011bt se n\u011bco v\u00edc o projektu Park\u016f studi\u00ed a reflexe, o mo\u017enostech jak se aktivn\u011b zapojit, o akc\u00edch prob\u00edhaj\u00edc\u00edch v Parku Prav\u00edkov, pro ka\u017ed\u00e9ho, kdo bude cht\u00edt str\u00e1vit \u010das v klidn\u00e9m m\u00edst\u011b ur\u010den\u00e9m pro meditaci a studium, bude [&hellip;]<\/p>","protected":false},"author":25,"featured_media":0,"comment_status":"closed","ping_status":"closed","sticky":false,"template":"","format":"standard","meta":[],"categories":[6,4],"tags":[],"_links":{"self":[{"href":"http:\/\/parkpravikov.cz\/en\/wp-json\/wp\/v2\/posts\/1531"}],"collection":[{"href":"http:\/\/parkpravikov.cz\/en\/wp-json\/wp\/v2\/posts"}],"about":[{"href":"http:\/\/parkpravikov.cz\/en\/wp-json\/wp\/v2\/types\/post"}],"author":[{"embeddable":true,"href":"http:\/\/parkpravikov.cz\/en\/wp-json\/wp\/v2\/users\/25"}],"replies":[{"embeddable":true,"href":"http:\/\/parkpravikov.cz\/en\/wp-json\/wp\/v2\/comments?post=1531"}],"version-history":[{"count":11,"href":"http:\/\/parkpravikov.cz\/en\/wp-json\/wp\/v2\/posts\/1531\/revisions"}],"predecessor-version":[{"id":1559,"href":"http:\/\/parkpravikov.cz\/en\/wp-json\/wp\/v2\/posts\/1531\/revisions\/1559"}],"wp:attachment":[{"href":"http:\/\/parkpravikov.cz\/en\/wp-json\/wp\/v2\/media?parent=1531"}],"wp:term":[{"taxonomy":"category","embeddable":true,"href":"http:\/\/parkpravikov.cz\/en\/wp-json\/wp\/v2\/categories?post=1531"},{"taxonomy":"post_tag","embeddable":true,"href":"http:\/\/parkpravikov.cz\/en\/wp-json\/wp\/v2\/tags?post=1531"}],"curies":[{"name":"wp","href":"https:\/\/api.w.org\/{rel}","templated":true}]}}