{"id":1495,"date":"2013-03-09T00:24:13","date_gmt":"2013-03-08T23:24:13","guid":{"rendered":"\/?p=1495"},"modified":"2013-03-09T00:24:14","modified_gmt":"2013-03-08T23:24:14","slug":"prozitkovy-vikend-pro-rodinky-s-detmi-2","status":"publish","type":"post","link":"http:\/\/parkpravikov.cz\/en\/prozitkovy-vikend-pro-rodinky-s-detmi-2\/","title":{"rendered":"Pro\u017eitkov\u00fd v\u00edkend pro rodinky s d\u011btmi"},"content":{"rendered":"<p><a href=\"\/en\/blog\/2013\/03\/09\/prozitkovy-vikend-pro-rodinky-s-detmi-2\/599797_476392559046055_1715580725_n\/\" rel=\"attachment wp-att-1496\"><img loading=\"lazy\" class=\"alignleft size-thumbnail wp-image-1496\" src=\"\/wp-content\/uploads\/2013\/03\/599797_476392559046055_1715580725_n-150x200.jpg\" alt=\"\" width=\"150\" height=\"200\" \/><\/a>Oslavte spolu s n\u00e1mi a va\u0161imi d\u011btmi za\u010d\u00ednaj\u00edc\u00ed jaro hrou, pro\u017eitkem, relaxac\u00ed, pohybem, tancem\u00a0a sm\u00edchem. P\u0159es den je\u00a0p\u0159ipraven bohat\u00fd program pro d\u011bti, ve\u010dery v\u011bnujeme sami sob\u011b a sv\u00fdm vnit\u0159n\u00edm sv\u011bt\u016fm. Vyzkou\u0161\u00edme si relaxaci, \u0159\u00edzen\u00fd z\u00e1\u017eitek, spole\u010dnou meditaci, pobav\u00edme se o d\u011btech a o tom, jak v\u0161e zvl\u00e1dat s \u00fasm\u011bvem na l\u00edci i v srdci.<\/p>\n<div>\n<p><strong>M\u00edsto a \u010das kon\u00e1n\u00ed<\/strong>: Park studi\u00ed a reflexe Prav\u00edkov u Kamenice nad lipou,\u00a0<strong>6.-7.4. 2013<\/strong>.<!--more--><\/p>\n<p><strong>Cena<\/strong>: p\u0159\u00edsp\u011bvek na provoz Parku: 150,- K\u010d \/ os. \/ noc, nebo 50,- K\u010d jen za den bez p\u0159esp\u00e1n\u00ed (po\u010det m\u00edst na span\u00ed je omezen;\u00a0v p\u0159\u00edpad\u011b pot\u0159eby mo\u017en\u00e9 ubytov\u00e1n\u00ed v penzionu v Kamenici, p\u0159ibli\u017en\u011b za 300,- K\u010d \/ noc).<\/p>\n<p><strong>Strava<\/strong>: 100,- K\u010d den (sn\u00eddan\u011b, ob\u011bd, ve\u010de\u0159e, drobn\u00e9 ob\u010derstven\u00ed b\u011bhem dne).<\/p>\n<p><strong>S sebou:<\/strong>\u00a0povle\u010den\u00ed a prost\u011bradlo, p\u0159ez\u016fvky, ru\u010dn\u00edk a dobrou n\u00e1ladu (v\u0161e ostatn\u00ed dle va\u0161eho zv\u00e1\u017een\u00ed)<\/p>\n<p><strong>Kontakt a registrace<\/strong>:<br \/>\nSimona He\u0159tusov\u00e1 (simona.hertusova@adopceafrika.cz, mobil 608 301 270),<br \/>\nDaniela Cachov\u00e1 (bedy.ns@seznam.cz, mobil 724 785 876)<\/p>\n<\/div>\n<div>KOMUNITA PRO LIDSK\u00dd ROZVOJ<br \/>\n<a href=\"http:\/\/www.komunita.org\/\">www.komunita.org<\/a><\/div>\n<div><\/div>\n<div>PARKS OF STUDY AND REFLECTION<\/div>\n<div><a href=\"\/en\/\">parkpravikov.cz<\/a><\/div>","protected":false},"excerpt":{"rendered":"<p>Oslavte spolu s n\u00e1mi a va\u0161imi d\u011btmi za\u010d\u00ednaj\u00edc\u00ed jaro hrou, pro\u017eitkem, relaxac\u00ed, pohybem, tancem\u00a0a sm\u00edchem. P\u0159es den je\u00a0p\u0159ipraven bohat\u00fd program pro d\u011bti, ve\u010dery v\u011bnujeme sami sob\u011b a sv\u00fdm vnit\u0159n\u00edm sv\u011bt\u016fm. Vyzkou\u0161\u00edme si relaxaci, \u0159\u00edzen\u00fd z\u00e1\u017eitek, spole\u010dnou meditaci, pobav\u00edme se o d\u011btech a o tom, jak v\u0161e zvl\u00e1dat s \u00fasm\u011bvem na l\u00edci i v srdci. M\u00edsto [&hellip;]<\/p>","protected":false},"author":25,"featured_media":0,"comment_status":"closed","ping_status":"closed","sticky":false,"template":"","format":"standard","meta":[],"categories":[6,4],"tags":[],"_links":{"self":[{"href":"http:\/\/parkpravikov.cz\/en\/wp-json\/wp\/v2\/posts\/1495"}],"collection":[{"href":"http:\/\/parkpravikov.cz\/en\/wp-json\/wp\/v2\/posts"}],"about":[{"href":"http:\/\/parkpravikov.cz\/en\/wp-json\/wp\/v2\/types\/post"}],"author":[{"embeddable":true,"href":"http:\/\/parkpravikov.cz\/en\/wp-json\/wp\/v2\/users\/25"}],"replies":[{"embeddable":true,"href":"http:\/\/parkpravikov.cz\/en\/wp-json\/wp\/v2\/comments?post=1495"}],"version-history":[{"count":3,"href":"http:\/\/parkpravikov.cz\/en\/wp-json\/wp\/v2\/posts\/1495\/revisions"}],"predecessor-version":[{"id":1499,"href":"http:\/\/parkpravikov.cz\/en\/wp-json\/wp\/v2\/posts\/1495\/revisions\/1499"}],"wp:attachment":[{"href":"http:\/\/parkpravikov.cz\/en\/wp-json\/wp\/v2\/media?parent=1495"}],"wp:term":[{"taxonomy":"category","embeddable":true,"href":"http:\/\/parkpravikov.cz\/en\/wp-json\/wp\/v2\/categories?post=1495"},{"taxonomy":"post_tag","embeddable":true,"href":"http:\/\/parkpravikov.cz\/en\/wp-json\/wp\/v2\/tags?post=1495"}],"curies":[{"name":"wp","href":"https:\/\/api.w.org\/{rel}","templated":true}]}}