{"id":1468,"date":"2013-03-07T12:34:30","date_gmt":"2013-03-07T11:34:30","guid":{"rendered":"\/?p=1468"},"modified":"2013-03-07T16:41:56","modified_gmt":"2013-03-07T15:41:56","slug":"detska-slavnost-a-krest-leporela","status":"publish","type":"post","link":"http:\/\/parkpravikov.cz\/en\/detska-slavnost-a-krest-leporela\/","title":{"rendered":"D\u011btsk\u00e1 slavnost a k\u0159est Leporela"},"content":{"rendered":"<p><strong><a href=\"\/en\/blog\/2013\/03\/07\/detska-slavnost-a-krest-leporela\/8505250_orig\/\" rel=\"attachment wp-att-1469\"><img loading=\"lazy\" class=\"alignleft size-thumbnail wp-image-1469\" src=\"\/wp-content\/uploads\/2013\/03\/8505250_orig-150x112.jpg\" alt=\"\" width=\"150\" height=\"112\" \/><\/a><a href=\"http:\/\/www.komunita.org\">Komunita pro lidsk\u00fd rozvoj<\/a><\/strong> <strong>zve<\/strong> v\u0161echny mal\u00e9 i velk\u00e9 <strong>na D\u011btskou slavnost<\/strong>, kter\u00e1 se uskute\u010dn\u00ed v sobotu <strong>1. \u010dervna 2013<\/strong> <strong>v Parku studi\u00ed a reflexe Prav\u00edkov<\/strong>. Na slavnosti bude <strong>pok\u0159t\u011bno leporelo<\/strong> vznikaj\u00edc\u00ed u\u017e od ledna. V ned\u011bli 2. \u010dervna bude p\u0159ed\u00e1no do pelh\u0159imovsk\u00e9ho muzea kuriozit.<!--more--><strong><\/strong><\/p>\n<p><strong>Spole\u010dn\u011b dok\u00e1\u017eeme cokoliv<br \/>\n<\/strong><strong>&#8230; aneb poj\u010fme stvo\u0159it <span style=\"color: #ff0000\">ba<\/span><span style=\"color: #ff6600\">r<\/span><span style=\"color: #ffff00\">e<span style=\"color: #008000\">v<\/span><\/span><span style=\"color: #008000\">n<\/span><span style=\"color: #0000ff\">\u011bj<\/span><span style=\"color: #800080\">\u0161\u00ed\u00a0<\/span>sv\u011bt<\/strong><\/p>\n<p><em>Popis<\/em>: D\u011bti ztv\u00e1r\u0148uj\u00ed sv\u011bt, ve kter\u00e9m by r\u00e1dy \u017eily s vyu\u017eit\u00edm p\u0159\u00edstupu &#8222;v\u0161e je mo\u017en\u00e9&#8220;, realitu si tvo\u0159\u00edme my sami.<\/p>\n<p><em>C\u00edle<\/em>: Prevence n\u00e1sil\u00ed ve sv\u00e9m okol\u00ed &#8211; uv\u011bdom\u011bn\u00ed si glob\u00e1ln\u00edho propojen\u00ed &#8211; v\u011bdom\u00ed vlastn\u00ed role a zodpov\u011bdnosti &#8211; roz\u0161\u00ed\u0159en\u00ed prosoci\u00e1ln\u00edho c\u00edt\u011bn\u00ed a jedn\u00e1n\u00ed, aktivn\u00edho postoje &#8211; rozvoj kreativn\u00edho my\u0161len\u00ed &#8211; rozvoj emo\u010dn\u00ed inteligence &#8211; propojen\u00ed sil k podpo\u0159e spole\u010dn\u00e9ho projektu &#8211; roz\u0161\u00ed\u0159en\u00ed informovanosti o sou\u010dasn\u00e9 situaci &#8211; rozvoj kritick\u00e9ho my\u0161len\u00ed\u2026<\/p>\n<p><em>C\u00edlov\u00e1 skupina<\/em>: Mlad\u0161\u00ed a star\u0161\u00ed p\u0159ed\u0161kol\u00e1ci, \u0161kol\u00e1ci na 1. stupni Z\u0160 (Z\u0160, M\u0160, rodinn\u00e1 centra, komunitn\u00ed centra a jin\u00e1 obdobn\u00e1 za\u0159\u00edzen\u00ed pro d\u011bti)<\/p>\n<p><em>Forma<\/em>: D\u016fle\u017eit\u00e9 je samotn\u00e9 uv\u011bdom\u011bn\u00ed si &#8222;probl\u00e9mu&#8220; (zde velmi \u0161irok\u00fd z\u00e1b\u011br v z\u00e1vislosti na \u017eivotn\u00ed situaci d\u011bt\u00ed, jejich zralosti, v\u011bku, p\u0159\u00edstupu k informac\u00edm, atd.), k n\u011bmu\u017e p\u0159ivede d\u011bti pedagog vhodnou motivac\u00ed (hra, ot\u00e1zky, divadlo atd.). N\u00e1sleduje motivace k \u010dinnosti a ochot\u011b navrhovat vlastn\u00ed \u0159e\u0161en\u00ed a vize. Po dokon\u010den\u00ed d\u00edla n\u00e1sleduje spole\u010dn\u00e1 reflexe s popisem a p\u0159edstaven\u00edm sv\u00e9 vize, a p\u0159\u00edpadnou diskus\u00ed. D\u011bti mohou pracovat individu\u00e1ln\u011b, ve dvojici nebo skupince. Ka\u017ed\u00e9 d\u00edt\u011b \/ dvojice \/ skupinka vytvo\u0159\u00ed jednu str\u00e1nku leporela. Na zadn\u00ed stranu pop\u00ed\u0161e stru\u010dn\u011b p. u\u010ditel\/ka (nebo samotn\u00e9 d\u011bti, um\u00ed-li ps\u00e1t) svou vizi, podep\u00ed\u0161\u00ed se a nap\u00ed\u0161\u00ed jm\u00e9no sv\u00e9 \u0161kol(k)y.<\/p>\n<p><a href=\"\/en\/blog\/2013\/03\/07\/detska-slavnost-a-krest-leporela\/5925293_orig\/\" rel=\"attachment wp-att-1472\"><img loading=\"lazy\" class=\"alignnone size-large wp-image-1472\" src=\"\/wp-content\/uploads\/2013\/03\/5925293_orig-584x438.jpg\" alt=\"\" width=\"584\" height=\"438\" \/><\/a><\/p>\n<p><em>Technika<\/em>: Samotn\u00e1 technika je otev\u0159en\u00e1 a z\u00e1le\u017e\u00ed na v\u00fdb\u011bru ka\u017ed\u00e9 z instituc\u00ed, nebo jednotliv\u00fdch autor\u016f. D\u016fle\u017eit\u00e9 je respektovat rozm\u011bry (30 x 30 cm) a gram\u00e1\u017e pap\u00edru, kter\u00e9 mus\u00ed b\u00fdt jednotn\u00e9, abychom mohli v z\u00e1v\u011bru leporelo jednodu\u0161e slepit dohromady. Po domluv\u011b V\u00e1m r\u00e1di pap\u00edry za\u0161leme.<\/p>\n<p><em>Co s dokon\u010den\u00fdmi d\u00edlky<\/em>: Hotov\u00e1 d\u00edla za\u0161lete co nejd\u0159\u00edve, nejpozd\u011bji v\u0161ak do 29.4.2013, na adresu Daniela Cachov\u00e1, RC Zaj\u00ed\u010dek, Pod h\u0159i\u0161t\u011bm 92, Zaje\u010dice, Py\u0161ely 251 67. Nebo osobn\u011b do Centra neziskov\u00fdch aktivit (Centrum Narovinu, Simona He\u0159tusov\u00e1), Tyr\u0161ova 1, Praha 2 (metro I.P. Pavlova). Spolu s bal\u00ed\u010dkem se str\u00e1nkami leporela (str\u00e1nky pros\u00edme neslepovat, abychom v z\u00e1v\u011bru doc\u00edlili jednotn\u00e9ho vzhledu) p\u0159ipi\u0161te v\u00e1\u0161 n\u00e1vrh na n\u00e1zev leporela. Ten nejv\u00fdsti\u017en\u011bj\u0161\u00ed 15.5.2013 vybereme a leporelo j\u00edm nazveme.<\/p>\n<p><em>Datum a m\u00edsto zah\u00e1jen\u00ed projektu<\/em>: 14.1.2013, 15 \u2013 18 hod. v <a href=\"http:\/\/www.zsgraficka.cz\/komunitni_centrum\/\">Komunitn\u00edm centru Pr\u00e1delna<\/a>, Hole\u010dkova 38, Praha 5. Zde budeme projekt a celou my\u0161lenku p\u0159edstavovat, \u010dek\u00e1 n\u00e1s motiva\u010dn\u00ed minidivad\u00e9lko, diskuse, hra, hudebn\u00ed ozv\u011bny a spoluvytv\u00e1\u0159en\u00ed prvn\u00edch str\u00e1nek leporela.<\/p>\n<p><em>Datum a m\u00edsto ukon\u010den\u00ed projektu<\/em>: 1.6.2013 pok\u0159t\u011bn\u00ed a d\u011btsk\u00e1 slavnost v Parku studi\u00ed a reflexe<br \/>\nPrav\u00edkov, 2.6. leporelo slavnostn\u011b p\u0159ed\u00e1me do Muzea kuriozit v Pelh\u0159imov\u011b.<\/p>\n<p><strong>Komunita pro lidsk\u00fd rozvoj<br \/>\n<\/strong><a href=\"http:\/\/www.komunita.org\">www.komunita.org<\/a><\/p>\n<p>Daniela Cachov\u00e1, tel. 724 785 876, bedy.ns@seznam.cz<br \/>\nSimona He\u0159tusov\u00e1, tel. 608 301 270, simona.hertusova@adopceafrika.cz<\/p>\n<p><a href=\"\/en\/blog\/2013\/03\/07\/detska-slavnost-a-krest-leporela\/leporelo-info\/\" rel=\"attachment wp-att-1470\">leporelo info<br \/>\n<\/a><a href=\"\/en\/blog\/2013\/03\/07\/detska-slavnost-a-krest-leporela\/letacek-leporelo-a4\/\" rel=\"attachment wp-att-1471\">letacek leporelo A4<\/a><\/p>","protected":false},"excerpt":{"rendered":"<p>Komunita pro lidsk\u00fd rozvoj zve v\u0161echny mal\u00e9 i velk\u00e9 na D\u011btskou slavnost, kter\u00e1 se uskute\u010dn\u00ed v sobotu 1. \u010dervna 2013 v Parku studi\u00ed a reflexe Prav\u00edkov. Na slavnosti bude pok\u0159t\u011bno leporelo vznikaj\u00edc\u00ed u\u017e od ledna. V ned\u011bli 2. \u010dervna bude p\u0159ed\u00e1no do pelh\u0159imovsk\u00e9ho muzea kuriozit.<\/p>","protected":false},"author":25,"featured_media":0,"comment_status":"closed","ping_status":"closed","sticky":false,"template":"","format":"standard","meta":[],"categories":[6,4],"tags":[],"_links":{"self":[{"href":"http:\/\/parkpravikov.cz\/en\/wp-json\/wp\/v2\/posts\/1468"}],"collection":[{"href":"http:\/\/parkpravikov.cz\/en\/wp-json\/wp\/v2\/posts"}],"about":[{"href":"http:\/\/parkpravikov.cz\/en\/wp-json\/wp\/v2\/types\/post"}],"author":[{"embeddable":true,"href":"http:\/\/parkpravikov.cz\/en\/wp-json\/wp\/v2\/users\/25"}],"replies":[{"embeddable":true,"href":"http:\/\/parkpravikov.cz\/en\/wp-json\/wp\/v2\/comments?post=1468"}],"version-history":[{"count":21,"href":"http:\/\/parkpravikov.cz\/en\/wp-json\/wp\/v2\/posts\/1468\/revisions"}],"predecessor-version":[{"id":1493,"href":"http:\/\/parkpravikov.cz\/en\/wp-json\/wp\/v2\/posts\/1468\/revisions\/1493"}],"wp:attachment":[{"href":"http:\/\/parkpravikov.cz\/en\/wp-json\/wp\/v2\/media?parent=1468"}],"wp:term":[{"taxonomy":"category","embeddable":true,"href":"http:\/\/parkpravikov.cz\/en\/wp-json\/wp\/v2\/categories?post=1468"},{"taxonomy":"post_tag","embeddable":true,"href":"http:\/\/parkpravikov.cz\/en\/wp-json\/wp\/v2\/tags?post=1468"}],"curies":[{"name":"wp","href":"https:\/\/api.w.org\/{rel}","templated":true}]}}