{"id":1251,"date":"2012-09-10T15:45:48","date_gmt":"2012-09-10T13:45:48","guid":{"rendered":"\/?p=1251"},"modified":"2012-09-20T13:01:27","modified_gmt":"2012-09-20T11:01:27","slug":"svet-bez-valek-organizacni-schuzka-pro-cleny-2","status":"publish","type":"post","link":"http:\/\/parkpravikov.cz\/en\/svet-bez-valek-organizacni-schuzka-pro-cleny-2\/","title":{"rendered":"Sv\u011bt bez v\u00e1lek &#8211; organiza\u010dn\u00ed sch\u016fzka pro \u010dleny"},"content":{"rendered":"<p>Od p\u00e1tku 26. \u0159\u00edjna ve\u010der do ned\u011ble 28. \u0159\u00edjna se bude v Parku Prav\u00edkov konat sch\u016fzka humanistick\u00e9 organizace Sv\u011bt bez v\u00e1lek a n\u00e1sil\u00ed. Setk\u00e1n\u00ed je otev\u0159eno pouze \u010dlen\u016fm SBV a v\u00e1\u017en\u00fdm z\u00e1jemc\u016fm o \u010dlenstv\u00ed v t\u00e9to organizaci.<br \/>\nV\u00edce informac\u00ed na\u00a0<a href=\"http:\/\/www.svetbezvalek.cz\/\">www.svetbezvalek.cz<\/a>.<\/p>","protected":false},"excerpt":{"rendered":"<p>Od p\u00e1tku 26. \u0159\u00edjna ve\u010der do ned\u011ble 28. \u0159\u00edjna se bude v Parku Prav\u00edkov konat sch\u016fzka humanistick\u00e9 organizace Sv\u011bt bez v\u00e1lek a n\u00e1sil\u00ed. Setk\u00e1n\u00ed je otev\u0159eno pouze \u010dlen\u016fm SBV a v\u00e1\u017en\u00fdm z\u00e1jemc\u016fm o \u010dlenstv\u00ed v t\u00e9to organizaci. V\u00edce informac\u00ed na\u00a0www.svetbezvalek.cz.<\/p>","protected":false},"author":25,"featured_media":0,"comment_status":"closed","ping_status":"closed","sticky":false,"template":"","format":"standard","meta":[],"categories":[6,4],"tags":[],"_links":{"self":[{"href":"http:\/\/parkpravikov.cz\/en\/wp-json\/wp\/v2\/posts\/1251"}],"collection":[{"href":"http:\/\/parkpravikov.cz\/en\/wp-json\/wp\/v2\/posts"}],"about":[{"href":"http:\/\/parkpravikov.cz\/en\/wp-json\/wp\/v2\/types\/post"}],"author":[{"embeddable":true,"href":"http:\/\/parkpravikov.cz\/en\/wp-json\/wp\/v2\/users\/25"}],"replies":[{"embeddable":true,"href":"http:\/\/parkpravikov.cz\/en\/wp-json\/wp\/v2\/comments?post=1251"}],"version-history":[{"count":2,"href":"http:\/\/parkpravikov.cz\/en\/wp-json\/wp\/v2\/posts\/1251\/revisions"}],"predecessor-version":[{"id":1258,"href":"http:\/\/parkpravikov.cz\/en\/wp-json\/wp\/v2\/posts\/1251\/revisions\/1258"}],"wp:attachment":[{"href":"http:\/\/parkpravikov.cz\/en\/wp-json\/wp\/v2\/media?parent=1251"}],"wp:term":[{"taxonomy":"category","embeddable":true,"href":"http:\/\/parkpravikov.cz\/en\/wp-json\/wp\/v2\/categories?post=1251"},{"taxonomy":"post_tag","embeddable":true,"href":"http:\/\/parkpravikov.cz\/en\/wp-json\/wp\/v2\/tags?post=1251"}],"curies":[{"name":"wp","href":"https:\/\/api.w.org\/{rel}","templated":true}]}}