{"id":1054,"date":"2012-05-16T12:06:30","date_gmt":"2012-05-16T10:06:30","guid":{"rendered":"\/?p=1054"},"modified":"2012-12-31T01:15:56","modified_gmt":"2012-12-31T00:15:56","slug":"letni-pracovne-prozitkovy-tyden-pro-rodinky-s-detmi","status":"publish","type":"post","link":"http:\/\/parkpravikov.cz\/en\/letni-pracovne-prozitkovy-tyden-pro-rodinky-s-detmi\/","title":{"rendered":"Letn\u00ed pracovn\u011b pro\u017eitkov\u00fd t\u00fdden pro rodinky s d\u011btmi"},"content":{"rendered":"<p><a href=\"\/en\/blog\/2012\/05\/16\/letni-pracovne-prozitkovy-tyden-pro-rodinky-s-detmi\/helenka\/\" rel=\"attachment wp-att-1057\"><img loading=\"lazy\" class=\"alignleft size-thumbnail wp-image-1057\" src=\"\/wp-content\/uploads\/2012\/05\/helenka-150x200.jpg\" alt=\"\" width=\"150\" height=\"200\" \/><\/a>Srde\u010dn\u011b zveme rodi\u010de s d\u011btmi na <strong>letn\u00ed pracovn\u011b pro\u017eitkov\u00fd pobyt v Parku Studi\u00ed a reflexe Prav\u00edkov<\/strong>, kter\u00fd prob\u011bhne v t\u00fddnu 9.-15.7.2012 a b\u011bhem kter\u00e9ho se budeme zab\u00fdvat nejen manu\u00e1ln\u011b-tv\u016fr\u010d\u00edm zvelebov\u00e1n\u00edm Parku.<!--more--><\/p>\n<p>\u010cek\u00e1 n\u00e1s ochutn\u00e1vka v\u00fdchovy k nen\u00e1sil\u00ed, pozn\u00e1v\u00e1n\u00ed sv\u011bta, artefiletika, pov\u00edd\u00e1n\u00ed, poh\u00e1dky, divadlo, t\u011blohr\u00e1tky, hudba, ob\u0159ad, ohe\u0148, hry, patl\u00e1n\u00ed-matl\u00e1n\u00ed, zahradni\u010den\u00ed, stavebni\u010den\u00ed a mnoho dal\u0161\u00edho.<\/p>\n<p>Ka\u017ed\u00fd ve\u010der po usp\u00e1n\u00ed ratolest\u00ed se budeme zab\u00fdvat osobn\u00edm r\u016fstem a pro\u017eitkov\u00fdmi \u010dinnostmi.<\/p>\n<p><a href=\"\/en\/blog\/2012\/05\/16\/letni-pracovne-prozitkovy-tyden-pro-rodinky-s-detmi\/dobrou\/\" rel=\"attachment wp-att-1056\"><img loading=\"lazy\" class=\"alignnone size-large wp-image-1056\" src=\"\/wp-content\/uploads\/2012\/05\/dobrou-584x389.jpg\" alt=\"\" width=\"584\" height=\"389\" \/><\/a><\/p>\n<p>O v\u00edkendu\u00a0<strong>14.-15.7.<\/strong>\u00a0n\u00e1s pak \u010dek\u00e1\u00a0<strong><a title=\"V\u00edkendov\u00fd semin\u00e1\u0159 \u201eO tom, co je lidsk\u00e9\u201c\" href=\"\/en\/blog\/2012\/05\/17\/vikendovy-seminar-%e2%80%9eo-tom-co-je-lidske\/\">intenzivn\u00ed semin\u00e1\u0159 O tom, co je lidsk\u00e9<\/a><\/strong>, kter\u00fd je ur\u010den u\u017e jen rodi\u010d\u016fm a dal\u0161\u00edm dosp\u011bl\u00e1ck\u00fdm z\u00e1jemc\u016fm.<\/p>\n<p>Cena je 150,- K\u010d za post\u00fdlku na den a 100,- K\u010d za celodenn\u00ed stravu, d\u011bti polovic. Po\u010det m\u00edst je omezen, hlaste se proto, pros\u00edm, co nejrychleji.<\/p>\n<p>Kontakt: Daniela Cachov\u00e1, bedy.ns@seznam.cz, tel. 724 785 876.<\/p>\n<p>Pozv\u00e1nka:\u00a0<a href=\"\/en\/blog\/2012\/05\/16\/letni-pracovne-prozitkovy-tyden-pro-rodinky-s-detmi\/tyden_pro_rodinky_7-2012_letak\/\" rel=\"attachment wp-att-1055\">tyden_pro_rodinky_7-2012_letak<\/a><\/p>\n<p><a href=\"\/en\/blog\/2012\/05\/16\/letni-pracovne-prozitkovy-tyden-pro-rodinky-s-detmi\/deti\/\" rel=\"attachment wp-att-1058\"><img loading=\"lazy\" class=\"alignnone size-large wp-image-1058\" src=\"\/wp-content\/uploads\/2012\/05\/d\u011bti-584x438.jpg\" alt=\"\" width=\"584\" height=\"438\" \/><\/a><\/p>\n<p>&nbsp;<\/p>\n<p>&nbsp;<\/p>","protected":false},"excerpt":{"rendered":"<p>Srde\u010dn\u011b zveme rodi\u010de s d\u011btmi na letn\u00ed pracovn\u011b pro\u017eitkov\u00fd pobyt v Parku Studi\u00ed a reflexe Prav\u00edkov, kter\u00fd prob\u011bhne v t\u00fddnu 9.-15.7.2012 a b\u011bhem kter\u00e9ho se budeme zab\u00fdvat nejen manu\u00e1ln\u011b-tv\u016fr\u010d\u00edm zvelebov\u00e1n\u00edm Parku.<\/p>","protected":false},"author":25,"featured_media":0,"comment_status":"closed","ping_status":"closed","sticky":false,"template":"","format":"standard","meta":[],"categories":[6,4],"tags":[],"_links":{"self":[{"href":"http:\/\/parkpravikov.cz\/en\/wp-json\/wp\/v2\/posts\/1054"}],"collection":[{"href":"http:\/\/parkpravikov.cz\/en\/wp-json\/wp\/v2\/posts"}],"about":[{"href":"http:\/\/parkpravikov.cz\/en\/wp-json\/wp\/v2\/types\/post"}],"author":[{"embeddable":true,"href":"http:\/\/parkpravikov.cz\/en\/wp-json\/wp\/v2\/users\/25"}],"replies":[{"embeddable":true,"href":"http:\/\/parkpravikov.cz\/en\/wp-json\/wp\/v2\/comments?post=1054"}],"version-history":[{"count":20,"href":"http:\/\/parkpravikov.cz\/en\/wp-json\/wp\/v2\/posts\/1054\/revisions"}],"predecessor-version":[{"id":1385,"href":"http:\/\/parkpravikov.cz\/en\/wp-json\/wp\/v2\/posts\/1054\/revisions\/1385"}],"wp:attachment":[{"href":"http:\/\/parkpravikov.cz\/en\/wp-json\/wp\/v2\/media?parent=1054"}],"wp:term":[{"taxonomy":"category","embeddable":true,"href":"http:\/\/parkpravikov.cz\/en\/wp-json\/wp\/v2\/categories?post=1054"},{"taxonomy":"post_tag","embeddable":true,"href":"http:\/\/parkpravikov.cz\/en\/wp-json\/wp\/v2\/tags?post=1054"}],"curies":[{"name":"wp","href":"https:\/\/api.w.org\/{rel}","templated":true}]}}