{"id":1051,"date":"2012-05-16T12:25:17","date_gmt":"2012-05-16T10:25:17","guid":{"rendered":"\/?p=1051"},"modified":"2012-05-21T15:53:12","modified_gmt":"2012-05-21T13:53:12","slug":"pracovni-vikend-v-parku-pravikov","status":"publish","type":"post","link":"http:\/\/parkpravikov.cz\/en\/pracovni-vikend-v-parku-pravikov\/","title":{"rendered":"Pracovn\u00ed v\u00edkend v Parku Prav\u00edkov"},"content":{"rendered":"<p>http:\/\/www.youtube.com\/watch?v=xtAg26smfmA<\/p>\n<p>B\u011bhem <a title=\"Pracovn\u00ed kv\u011bten v Parku Prav\u00edkov\" href=\"\/en\/blog\/2012\/04\/30\/pracovni-kveten-v-parku-pravikov\/\">cel\u00e9ho kv\u011btna<\/a> (zejm\u00e9na <a title=\"Pracovn\u00ed kv\u011bten\" href=\"\/en\/pracovni-kveten\/\">v\u00edkend\u016f<\/a>) prob\u00edhaj\u00ed intenzivn\u00ed p\u0159\u00edpravy na <a title=\"Slavnostn\u00ed inaugurace Parku studi\u00ed a reflexe Prav\u00edkov\" href=\"\/en\/blog\/2012\/04\/08\/slavnostni-inaugurace-parku-studii-a-reflexe-pravikov\/\">Slavnostn\u00ed inauguraci Parku Prav\u00edkov<\/a>.<!--more--><\/p>\n<p>Spole\u010dn\u00fdmi silami jsme zat\u00edm vyklidili spojovac\u00ed d\u016fm, kter\u00fd bude b\u011bhem inaugurace slou\u017eit jako &#8222;stan&#8220; s ob\u010derstven\u00edm a b\u011bhem leto\u0161n\u00edho roku bychom cht\u011bli p\u0159istoupit k jeho rekonstrukci, a pustili jsme se tak\u00e9 do \u00faprav pozemku &#8211; zarovn\u00e1v\u00e1n\u00ed ter\u00e9nu, s\u00e1zen\u00ed ke\u0159\u016f a tr\u00e1vy a dal\u0161\u00edch &#8222;drobnost\u00ed&#8220;. Krom\u011b videa m\u00e1me tak\u00e9 <a href=\"http:\/\/parkpravikov.cz\/en\/media\/galerie\/?album=PracovniKveten2012WorkMay2012\/\">spoustu fotek<\/a>.<\/p>\n<p>Ka\u017ed\u00e1 pomoc je v\u00edtan\u00e1, p\u0159i spole\u010dn\u00e9m vytv\u00e1\u0159en\u00ed Parku si nav\u00edc u\u017eijeme i spoustu z\u00e1bavy a skute\u010dn\u011b nabit\u00e9 atmosf\u00e9ry.<\/p>","protected":false},"excerpt":{"rendered":"<p>http:\/\/www.youtube.com\/watch?v=xtAg26smfmA B\u011bhem cel\u00e9ho kv\u011btna (zejm\u00e9na v\u00edkend\u016f) prob\u00edhaj\u00ed intenzivn\u00ed p\u0159\u00edpravy na Slavnostn\u00ed inauguraci Parku Prav\u00edkov.<\/p>","protected":false},"author":25,"featured_media":0,"comment_status":"closed","ping_status":"closed","sticky":false,"template":"","format":"standard","meta":[],"categories":[5,3],"tags":[],"_links":{"self":[{"href":"http:\/\/parkpravikov.cz\/en\/wp-json\/wp\/v2\/posts\/1051"}],"collection":[{"href":"http:\/\/parkpravikov.cz\/en\/wp-json\/wp\/v2\/posts"}],"about":[{"href":"http:\/\/parkpravikov.cz\/en\/wp-json\/wp\/v2\/types\/post"}],"author":[{"embeddable":true,"href":"http:\/\/parkpravikov.cz\/en\/wp-json\/wp\/v2\/users\/25"}],"replies":[{"embeddable":true,"href":"http:\/\/parkpravikov.cz\/en\/wp-json\/wp\/v2\/comments?post=1051"}],"version-history":[{"count":8,"href":"http:\/\/parkpravikov.cz\/en\/wp-json\/wp\/v2\/posts\/1051\/revisions"}],"predecessor-version":[{"id":1103,"href":"http:\/\/parkpravikov.cz\/en\/wp-json\/wp\/v2\/posts\/1051\/revisions\/1103"}],"wp:attachment":[{"href":"http:\/\/parkpravikov.cz\/en\/wp-json\/wp\/v2\/media?parent=1051"}],"wp:term":[{"taxonomy":"category","embeddable":true,"href":"http:\/\/parkpravikov.cz\/en\/wp-json\/wp\/v2\/categories?post=1051"},{"taxonomy":"post_tag","embeddable":true,"href":"http:\/\/parkpravikov.cz\/en\/wp-json\/wp\/v2\/tags?post=1051"}],"curies":[{"name":"wp","href":"https:\/\/api.w.org\/{rel}","templated":true}]}}